{"id":51832,"date":"2023-04-13T02:31:21","date_gmt":"2023-04-13T02:31:21","guid":{"rendered":"http:\/\/elterritorialweb.com.ar\/web\/?p=51832"},"modified":"2023-04-13T02:31:23","modified_gmt":"2023-04-13T02:31:23","slug":"el-volante-german-diaz-se-refirio-al-presente-de-mitre","status":"publish","type":"post","link":"http:\/\/elterritorialweb.com.ar\/web\/el-volante-german-diaz-se-refirio-al-presente-de-mitre\/","title":{"rendered":"EL VOLANTE GERM\u00c1N D\u00cdAZ SE REFIRI\u00d3 AL PRESENTE DE MITRE"},"content":{"rendered":"\n<p>\u00abHicimos un gran partido hasta el gol del rival, el resultado es amargo para nosotros porque el partido lo ten\u00edamos controlado y por un error lo pagamos caro\u00bb, expres\u00f3.<\/p>\n\n\n\n<p>Sobre su presente en la instituci\u00f3n, coment\u00f3: \u00abEstoy muy contento con todo el grupo de trabajo que me da la confianza. Me fui con amargura porque quer\u00edamos dejar los puntos en casa\u00bb, declar\u00f3.<\/p>\n\n\n\n<p>Por \u00faltimo, manifest\u00f3: \u00abTenemos que mejorar los errores para que no vuelvan a pasar y tener m\u00e1s contundencia\u00bb, cerr\u00f3.<\/p>\n","protected":false},"excerpt":{"rendered":"<p>El volante Germ\u00e1n D\u00edaz, habl\u00f3 tras una nueva jornada de entrenamiento y se refiri\u00f3 al presente del aurinegro, en el Torneo de la Primera Nacional de F\u00fatbol.<\/p>\n","protected":false},"author":2,"featured_media":51833,"comment_status":"open","ping_status":"open","sticky":false,"template":"","format":"standard","meta":{"om_disable_all_campaigns":false,"_monsterinsights_skip_tracking":false,"_monsterinsights_sitenote_active":false,"_monsterinsights_sitenote_note":"","_monsterinsights_sitenote_category":0,"_uf_show_specific_survey":0,"_uf_disable_surveys":false,"jetpack_post_was_ever_published":false,"_jetpack_newsletter_access":"","_jetpack_dont_email_post_to_subs":false,"_jetpack_newsletter_tier_id":0,"_jetpack_memberships_contains_paywalled_content":false,"_jetpack_memberships_contains_paid_content":false,"footnotes":"","jetpack_publicize_message":"","jetpack_publicize_feature_enabled":true,"jetpack_social_post_already_shared":true,"jetpack_social_options":{"image_generator_settings":{"template":"highway","default_image_id":0,"font":"","enabled":false},"version":2}},"categories":[6],"tags":[],"class_list":["post-51832","post","type-post","status-publish","format-standard","has-post-thumbnail","hentry","category-deportes"],"aioseo_notices":[],"views":12,"jetpack_publicize_connections":[],"jetpack_featured_media_url":"https:\/\/i0.wp.com\/elterritorialweb.com.ar\/web\/wp-content\/uploads\/2023\/04\/WhatsApp-Image-2023-04-12-at-20.53.36-e1681353069261.jpeg?fit=1080%2C869","jetpack_sharing_enabled":true,"_links":{"self":[{"href":"http:\/\/elterritorialweb.com.ar\/web\/wp-json\/wp\/v2\/posts\/51832","targetHints":{"allow":["GET"]}}],"collection":[{"href":"http:\/\/elterritorialweb.com.ar\/web\/wp-json\/wp\/v2\/posts"}],"about":[{"href":"http:\/\/elterritorialweb.com.ar\/web\/wp-json\/wp\/v2\/types\/post"}],"author":[{"embeddable":true,"href":"http:\/\/elterritorialweb.com.ar\/web\/wp-json\/wp\/v2\/users\/2"}],"replies":[{"embeddable":true,"href":"http:\/\/elterritorialweb.com.ar\/web\/wp-json\/wp\/v2\/comments?post=51832"}],"version-history":[{"count":1,"href":"http:\/\/elterritorialweb.com.ar\/web\/wp-json\/wp\/v2\/posts\/51832\/revisions"}],"predecessor-version":[{"id":51834,"href":"http:\/\/elterritorialweb.com.ar\/web\/wp-json\/wp\/v2\/posts\/51832\/revisions\/51834"}],"wp:featuredmedia":[{"embeddable":true,"href":"http:\/\/elterritorialweb.com.ar\/web\/wp-json\/wp\/v2\/media\/51833"}],"wp:attachment":[{"href":"http:\/\/elterritorialweb.com.ar\/web\/wp-json\/wp\/v2\/media?parent=51832"}],"wp:term":[{"taxonomy":"category","embeddable":true,"href":"http:\/\/elterritorialweb.com.ar\/web\/wp-json\/wp\/v2\/categories?post=51832"},{"taxonomy":"post_tag","embeddable":true,"href":"http:\/\/elterritorialweb.com.ar\/web\/wp-json\/wp\/v2\/tags?post=51832"}],"curies":[{"name":"wp","href":"https:\/\/api.w.org\/{rel}","templated":true}]}}