{"id":51836,"date":"2023-04-13T20:15:25","date_gmt":"2023-04-13T20:15:25","guid":{"rendered":"http:\/\/elterritorialweb.com.ar\/web\/?p=51836"},"modified":"2023-04-13T20:17:33","modified_gmt":"2023-04-13T20:17:33","slug":"el-gobierno-renovo-el-acuerdo-de-precios-justos-para-el-combustible-por-cuatro-meses","status":"publish","type":"post","link":"http:\/\/elterritorialweb.com.ar\/web\/el-gobierno-renovo-el-acuerdo-de-precios-justos-para-el-combustible-por-cuatro-meses\/","title":{"rendered":"EL GOBIERNO RENOV\u00d3 EL ACUERDO DE PRECIOS JUSTOS PARA EL COMBUSTIBLE POR CUATRO MESES"},"content":{"rendered":"\n<p>Las secretar\u00edas de Energ\u00eda y de Comercio renovaron este mi\u00e9rcoles el acuerdo de&nbsp;<strong>Precios Justos<\/strong>&nbsp;con el sector petrolero para estabilizar los precios de los combustibles durante los pr\u00f3ximos 4 meses.<\/p>\n\n\n\n<p>Este acuerdo, presentado por la secretaria de Energ\u00eda,&nbsp;<strong>Flavia Royon<\/strong>, y el secretario de Comercio,&nbsp;<strong>Mat\u00edas Tombolini<\/strong>, establece una pauta del&nbsp;<strong>4% mensual<\/strong>&nbsp;en los precios de la&nbsp;<strong>nafta&nbsp;<\/strong>y el<strong>&nbsp;gasoil<\/strong>&nbsp;desde el 15 de abril hasta el 15 de agosto. Con esta medida se busca proteger a los consumidores y fomentar la estabilidad en el mercado.<\/p>\n\n\n\n<p>Las empresas que firmaron el nuevo acuerdo son<strong>\u00a0YPF, PAE, Ra\u00edzen y Trafigura<\/strong>. \u201cEntendemos que esto requiere esfuerzo de las empresas, el Estado ya est\u00e1 haciendo un esfuerzo de manera de contener los precios y anclar la expectativa inflacionaria para que esto no tenga un efecto en los precios y en el bolsillo de la gente\u00bb, expres\u00f3 Royon.<\/p>\n\n\n\n<p>Por su parte, Tombolini dijo que la firma del acuerdo \u00abpermite dar una se\u00f1al de previsibilidad\u00bb a consumidores, usuarios y empresas y, adem\u00e1s, acompa\u00f1a la hoja de ruta establecida por el ministro Massa que \u00abimpulsa a sostener el equilibrio fiscal y cuidar las reservas\u201d.<\/p>\n","protected":false},"excerpt":{"rendered":"<p>El acuerdo establece una nueva pauta mensual en los precios de la nafta y el gasoil desde el 15 de abril hasta el 15 de agosto.<\/p>\n","protected":false},"author":2,"featured_media":51837,"comment_status":"open","ping_status":"open","sticky":false,"template":"","format":"standard","meta":{"om_disable_all_campaigns":false,"_monsterinsights_skip_tracking":false,"_monsterinsights_sitenote_active":false,"_monsterinsights_sitenote_note":"","_monsterinsights_sitenote_category":0,"_uf_show_specific_survey":0,"_uf_disable_surveys":false,"jetpack_post_was_ever_published":false,"_jetpack_newsletter_access":"","_jetpack_dont_email_post_to_subs":false,"_jetpack_newsletter_tier_id":0,"_jetpack_memberships_contains_paywalled_content":false,"_jetpack_memberships_contains_paid_content":false,"footnotes":"","jetpack_publicize_message":"","jetpack_publicize_feature_enabled":true,"jetpack_social_post_already_shared":true,"jetpack_social_options":{"image_generator_settings":{"template":"highway","default_image_id":0,"font":"","enabled":false},"version":2}},"categories":[4,2],"tags":[],"class_list":["post-51836","post","type-post","status-publish","format-standard","has-post-thumbnail","hentry","category-destacadas","category-economia"],"aioseo_notices":[],"views":8,"jetpack_publicize_connections":[],"jetpack_featured_media_url":"https:\/\/i0.wp.com\/elterritorialweb.com.ar\/web\/wp-content\/uploads\/2023\/04\/FtjPGfTXwAAeqOp.jpeg?fit=1600%2C1066","jetpack_sharing_enabled":true,"_links":{"self":[{"href":"http:\/\/elterritorialweb.com.ar\/web\/wp-json\/wp\/v2\/posts\/51836","targetHints":{"allow":["GET"]}}],"collection":[{"href":"http:\/\/elterritorialweb.com.ar\/web\/wp-json\/wp\/v2\/posts"}],"about":[{"href":"http:\/\/elterritorialweb.com.ar\/web\/wp-json\/wp\/v2\/types\/post"}],"author":[{"embeddable":true,"href":"http:\/\/elterritorialweb.com.ar\/web\/wp-json\/wp\/v2\/users\/2"}],"replies":[{"embeddable":true,"href":"http:\/\/elterritorialweb.com.ar\/web\/wp-json\/wp\/v2\/comments?post=51836"}],"version-history":[{"count":3,"href":"http:\/\/elterritorialweb.com.ar\/web\/wp-json\/wp\/v2\/posts\/51836\/revisions"}],"predecessor-version":[{"id":51840,"href":"http:\/\/elterritorialweb.com.ar\/web\/wp-json\/wp\/v2\/posts\/51836\/revisions\/51840"}],"wp:featuredmedia":[{"embeddable":true,"href":"http:\/\/elterritorialweb.com.ar\/web\/wp-json\/wp\/v2\/media\/51837"}],"wp:attachment":[{"href":"http:\/\/elterritorialweb.com.ar\/web\/wp-json\/wp\/v2\/media?parent=51836"}],"wp:term":[{"taxonomy":"category","embeddable":true,"href":"http:\/\/elterritorialweb.com.ar\/web\/wp-json\/wp\/v2\/categories?post=51836"},{"taxonomy":"post_tag","embeddable":true,"href":"http:\/\/elterritorialweb.com.ar\/web\/wp-json\/wp\/v2\/tags?post=51836"}],"curies":[{"name":"wp","href":"https:\/\/api.w.org\/{rel}","templated":true}]}}