{"id":51870,"date":"2023-04-14T02:23:52","date_gmt":"2023-04-14T02:23:52","guid":{"rendered":"http:\/\/elterritorialweb.com.ar\/web\/?p=51870"},"modified":"2023-04-14T02:23:54","modified_gmt":"2023-04-14T02:23:54","slug":"se-realizo-el-lanzamiento-del-concurso-de-dibujo-e-ilustracion-yo-te-busco-para-estudiantes-de-santiago-del-estero","status":"publish","type":"post","link":"http:\/\/elterritorialweb.com.ar\/web\/se-realizo-el-lanzamiento-del-concurso-de-dibujo-e-ilustracion-yo-te-busco-para-estudiantes-de-santiago-del-estero\/","title":{"rendered":"SE REALIZ\u00d3 EL LANZAMIENTO DEL CONCURSO DE DIBUJO E ILUSTRACI\u00d3N \u00abYO TE BUSCO\u00bb PARA ESTUDIANTES DE SANTIAGO DEL ESTERO"},"content":{"rendered":"\n<p>Tambi\u00e9n fueron parte de la mesa de presentaci\u00f3n las ministras de Justicia y Derechos Humanos, Matilde O&#8217;Mill, y de Educaci\u00f3n, Mariela Nassif; la nieta recuperada de Buscarita Roa, Claudia Poblete; Miguel Santucho, miembro de la comisi\u00f3n directiva de la Asociaci\u00f3n Civil Abuelas de Plaza de Mayo; el subsecretario de Cultura, Juan Leguizam\u00f3n, y el director del Instituto Espacio por la Memoria, Luis Garay.<br>Ante una importante presencia de p\u00fablico, el jefe de Gabinete transmiti\u00f3 el compromiso del gobernador con la causa de las Abuelas de Plaza de Mayo y destac\u00f3 el trabajo de los ministerios para contribuir en la tarea de la recuperaci\u00f3n de los derechos.<br>\u00abEsta convocatoria implica una propuesta fundamentalmente para los alumnos, estudiantes y profesores, a quienes realmente tenemos que llegar para que juntos podamos seguir haciendo ese esfuerzo para poder encontrar a quienes la historia nos pone como desaf\u00edo; poder llegar a algo tan importante como es el derecho a la identidad y esto nos convoca como sociedad\u00bb, expres\u00f3.<br>Buscarita Roa agradeci\u00f3 la invitaci\u00f3n y valor\u00f3 el trabajo que realizan en Santiago del Estero las organizaciones civiles y el Estado en materia de derechos humanos. Dijo que esto es el resultado de \u00abun camino duro\u201d, \u201cpero gracias al pueblo argentino que nos ha acompa\u00f1ado a todos los lugares donde fuimos, hemos tenido la dicha de encontrar m\u00e1s de 302 nietos de todos los que buscamos y la inmensa alegr\u00eda de haber encontrado la m\u00eda\u00bb, agreg\u00f3.<br>A su turno, las ministras Nassif y O&#8217;Mill pusieron de relieve \u201cla responsabilidad que nos compete de transmitir este legado de Abuelas de Plaza de Mayo a las generaciones futuras\u201d, y celebraron la realizaci\u00f3n del concurso en las escuelas de la provincia, porque \u201ctransmiten el patrimonio cultural de la sociedad, de la memoria y la conciencia\u201d.<br>Por su parte, Santucho y Poblete resaltaron la importancia de esta convocatoria \u201cque impulsa a los j\u00f3venes a \u2018redecifrar\u2019 esta lucha de 47 a\u00f1os de trabajo, b\u00fasqueda y plasmarlo en los nuevos c\u00f3digos que maneja la juventud y que a su vez le da actualidad a trav\u00e9s de dibujos e ilustraciones\u201d.<br>Las inscripciones para el concurso estar\u00e1n abiertas desde este viernes 14 de abril hasta el 15 de septiembre y est\u00e1 destinado a estudiantes de instituciones educativas del Nivel Medio de la provincia con trabajos de dibujo e ilustraci\u00f3n an\u00e1loga, digital o de t\u00e9cnica mixta.<br>La exposici\u00f3n de las obras presentadas y la premiaci\u00f3n se realizar\u00e1n durante el mes de octubre, en el marco del D\u00eda Nacional del Derecho a la Identidad.<\/p>\n","protected":false},"excerpt":{"rendered":"<p>Con la presencia de la vicepresidenta de Abuelas de Plaza de Mayo, Buscarita Roa, acompa\u00f1ada por el jefe de Gabinete de Ministros de la provincia, El\u00edas Su\u00e1rez, en representaci\u00f3n del gobernador Gerardo Zamora, se realiz\u00f3 este jueves por la tarde el lanzamiento del concurso de dibujo e ilustraci\u00f3n \u00abYo te busco\u00bb, en la sala auditorio del Centro Cultural del Bicentenario. <\/p>\n","protected":false},"author":2,"featured_media":51872,"comment_status":"open","ping_status":"open","sticky":false,"template":"","format":"standard","meta":{"om_disable_all_campaigns":false,"_monsterinsights_skip_tracking":false,"_monsterinsights_sitenote_active":false,"_monsterinsights_sitenote_note":"","_monsterinsights_sitenote_category":0,"_uf_show_specific_survey":0,"_uf_disable_surveys":false,"jetpack_post_was_ever_published":false,"_jetpack_newsletter_access":"","_jetpack_dont_email_post_to_subs":false,"_jetpack_newsletter_tier_id":0,"_jetpack_memberships_contains_paywalled_content":false,"_jetpack_memberships_contains_paid_content":false,"footnotes":"","jetpack_publicize_message":"","jetpack_publicize_feature_enabled":true,"jetpack_social_post_already_shared":true,"jetpack_social_options":{"image_generator_settings":{"template":"highway","default_image_id":0,"font":"","enabled":false},"version":2}},"categories":[21],"tags":[],"class_list":["post-51870","post","type-post","status-publish","format-standard","has-post-thumbnail","hentry","category-locales"],"aioseo_notices":[],"views":8,"jetpack_publicize_connections":[],"jetpack_featured_media_url":"https:\/\/i0.wp.com\/elterritorialweb.com.ar\/web\/wp-content\/uploads\/2023\/04\/WhatsApp-Image-2023-04-13-at-22.14.30.jpeg?fit=1519%2C1170","jetpack_sharing_enabled":true,"_links":{"self":[{"href":"http:\/\/elterritorialweb.com.ar\/web\/wp-json\/wp\/v2\/posts\/51870","targetHints":{"allow":["GET"]}}],"collection":[{"href":"http:\/\/elterritorialweb.com.ar\/web\/wp-json\/wp\/v2\/posts"}],"about":[{"href":"http:\/\/elterritorialweb.com.ar\/web\/wp-json\/wp\/v2\/types\/post"}],"author":[{"embeddable":true,"href":"http:\/\/elterritorialweb.com.ar\/web\/wp-json\/wp\/v2\/users\/2"}],"replies":[{"embeddable":true,"href":"http:\/\/elterritorialweb.com.ar\/web\/wp-json\/wp\/v2\/comments?post=51870"}],"version-history":[{"count":1,"href":"http:\/\/elterritorialweb.com.ar\/web\/wp-json\/wp\/v2\/posts\/51870\/revisions"}],"predecessor-version":[{"id":51874,"href":"http:\/\/elterritorialweb.com.ar\/web\/wp-json\/wp\/v2\/posts\/51870\/revisions\/51874"}],"wp:featuredmedia":[{"embeddable":true,"href":"http:\/\/elterritorialweb.com.ar\/web\/wp-json\/wp\/v2\/media\/51872"}],"wp:attachment":[{"href":"http:\/\/elterritorialweb.com.ar\/web\/wp-json\/wp\/v2\/media?parent=51870"}],"wp:term":[{"taxonomy":"category","embeddable":true,"href":"http:\/\/elterritorialweb.com.ar\/web\/wp-json\/wp\/v2\/categories?post=51870"},{"taxonomy":"post_tag","embeddable":true,"href":"http:\/\/elterritorialweb.com.ar\/web\/wp-json\/wp\/v2\/tags?post=51870"}],"curies":[{"name":"wp","href":"https:\/\/api.w.org\/{rel}","templated":true}]}}