{"id":55876,"date":"2023-07-21T22:27:54","date_gmt":"2023-07-21T22:27:54","guid":{"rendered":"http:\/\/elterritorialweb.com.ar\/web\/?p=55876"},"modified":"2023-07-21T22:27:57","modified_gmt":"2023-07-21T22:27:57","slug":"la-municipalidad-de-la-banda-realizara-el-festival-dia-del-amigo-en-el-patinodromo","status":"publish","type":"post","link":"http:\/\/elterritorialweb.com.ar\/web\/la-municipalidad-de-la-banda-realizara-el-festival-dia-del-amigo-en-el-patinodromo\/","title":{"rendered":"LA MUNICIPALIDAD DE LA BANDA REALIZAR\u00c1 EL FESTIVAL \u00abD\u00cdA DEL AMIGO\u00bb EN EL PATIN\u00d3DROMO"},"content":{"rendered":"\n<p>Por su parte, la secretaria de gobierno, Victoria Torres destac\u00f3: \u201cEstamos muy contentos de poder invitarlos a todos los bande\u00f1os a celebrar el d\u00eda del amigo ya que la idea principalmente es tener una fiesta en armon\u00eda por eso hacemos hincapi\u00e9 sobre la importancia que no se va poder consumir ni ingresar con bebidas alcoh\u00f3licas pero si con gaseosas como tambi\u00e9n con alimentos para compartir\u201d.<br>Asimismo, el director de la Juventud, Delfor Gerez agreg\u00f3: \u201cEl festival Dj Fer Leal tambi\u00e9n estar\u00e1 presente el Dj Carlix, Agus Gala Mix, Alexis Ovejero; vamos a contar con la presencia de dos bandas muy populares Los Guarachogues y JL y los buenos del cuarteto\u201d.<br>\u201cTambi\u00e9n resaltar que es la propuesta cultural para los j\u00f3venes libre y gratuito donde se va aportar lo que es compartir en familia con amigos en un ambiente sano y controlado\u201d, finaliz\u00f3 Gerez.<\/p>\n","protected":false},"excerpt":{"rendered":"<p>En ese sentido, la secretaria de Gobierno, Victoria Torres, estuvo acompa\u00f1ada por el secretario de Econom\u00eda, Javier Alexandro; la directora de Turismo, Graciela Rosales; el director de la Juventud, Delfor Gerez; la secretaria de comunicaci\u00f3n, Fernanda Raschi y la diputada Mariana Morales.<\/p>\n","protected":false},"author":2,"featured_media":55877,"comment_status":"open","ping_status":"open","sticky":false,"template":"","format":"standard","meta":{"om_disable_all_campaigns":false,"_monsterinsights_skip_tracking":false,"_monsterinsights_sitenote_active":false,"_monsterinsights_sitenote_note":"","_monsterinsights_sitenote_category":0,"_uf_show_specific_survey":0,"_uf_disable_surveys":false,"jetpack_post_was_ever_published":false,"_jetpack_newsletter_access":"","_jetpack_dont_email_post_to_subs":false,"_jetpack_newsletter_tier_id":0,"_jetpack_memberships_contains_paywalled_content":false,"_jetpack_memberships_contains_paid_content":false,"footnotes":"","jetpack_publicize_message":"","jetpack_publicize_feature_enabled":true,"jetpack_social_post_already_shared":false,"jetpack_social_options":{"image_generator_settings":{"template":"highway","default_image_id":0,"font":"","enabled":false},"version":2}},"categories":[9],"tags":[494,71],"class_list":["post-55876","post","type-post","status-publish","format-standard","has-post-thumbnail","hentry","category-banda","tag-dia-del-amigo","tag-municipalidad-de-la-banda"],"aioseo_notices":[],"views":15,"jetpack_publicize_connections":[],"jetpack_featured_media_url":"https:\/\/i0.wp.com\/elterritorialweb.com.ar\/web\/wp-content\/uploads\/2023\/07\/dia-del-amigo-la-banda.jpg?fit=1010%2C567","jetpack_sharing_enabled":true,"_links":{"self":[{"href":"http:\/\/elterritorialweb.com.ar\/web\/wp-json\/wp\/v2\/posts\/55876","targetHints":{"allow":["GET"]}}],"collection":[{"href":"http:\/\/elterritorialweb.com.ar\/web\/wp-json\/wp\/v2\/posts"}],"about":[{"href":"http:\/\/elterritorialweb.com.ar\/web\/wp-json\/wp\/v2\/types\/post"}],"author":[{"embeddable":true,"href":"http:\/\/elterritorialweb.com.ar\/web\/wp-json\/wp\/v2\/users\/2"}],"replies":[{"embeddable":true,"href":"http:\/\/elterritorialweb.com.ar\/web\/wp-json\/wp\/v2\/comments?post=55876"}],"version-history":[{"count":1,"href":"http:\/\/elterritorialweb.com.ar\/web\/wp-json\/wp\/v2\/posts\/55876\/revisions"}],"predecessor-version":[{"id":55878,"href":"http:\/\/elterritorialweb.com.ar\/web\/wp-json\/wp\/v2\/posts\/55876\/revisions\/55878"}],"wp:featuredmedia":[{"embeddable":true,"href":"http:\/\/elterritorialweb.com.ar\/web\/wp-json\/wp\/v2\/media\/55877"}],"wp:attachment":[{"href":"http:\/\/elterritorialweb.com.ar\/web\/wp-json\/wp\/v2\/media?parent=55876"}],"wp:term":[{"taxonomy":"category","embeddable":true,"href":"http:\/\/elterritorialweb.com.ar\/web\/wp-json\/wp\/v2\/categories?post=55876"},{"taxonomy":"post_tag","embeddable":true,"href":"http:\/\/elterritorialweb.com.ar\/web\/wp-json\/wp\/v2\/tags?post=55876"}],"curies":[{"name":"wp","href":"https:\/\/api.w.org\/{rel}","templated":true}]}}