{"id":55879,"date":"2023-07-21T22:33:53","date_gmt":"2023-07-21T22:33:53","guid":{"rendered":"http:\/\/elterritorialweb.com.ar\/web\/?p=55879"},"modified":"2023-07-21T22:33:56","modified_gmt":"2023-07-21T22:33:56","slug":"continuan-vigentes-los-descuentos-para-empleados-y-jubilados-en-el-cine-renzi","status":"publish","type":"post","link":"http:\/\/elterritorialweb.com.ar\/web\/continuan-vigentes-los-descuentos-para-empleados-y-jubilados-en-el-cine-renzi\/","title":{"rendered":"CONTIN\u00daAN VIGENTES LOS DESCUENTOS PARA EMPLEADOS Y JUBILADOS EN EL CINE RENZI"},"content":{"rendered":"\n<p>El director del Cine Teatro Municipal Renzi, Alejandro Jozami, indic\u00f3 que por iniciativa del intendente Roger Nediani se determin\u00f3 que los empleados de la comuna tengan la posibilidad de obtener un importante descuento en el precio de las entradas para cualquiera de las funciones que se proyecten los d\u00edas jueves a domingos.<br>Para acceder a dicho beneficio quienes pertenezcan a planta permanente y temporaria deben presentarse directamente en boleter\u00eda con su recibo de sueldo y documento de identidad.<br>Mientras que para quienes posean un contrato de locaci\u00f3n o plan municipal tendr\u00e1n que solicitar una constancia de manera previa en la Oficina de Planes en el Palacio Municipal de lunes a viernes de 8 a 13.<br>Asimismo, los jubilados podr\u00e1n tener dos entradas al precio de una en las pel\u00edculas correspondientes al Espacio INCAA presentando el correspondiente carnet en la boleter\u00eda del cine.<\/p>\n","protected":false},"excerpt":{"rendered":"<p>El Cine Teatro Municipal Renzi, dependiente de la Secretar\u00eda de Comunicaci\u00f3n, informa que los empleados municipales de planta permanente y temporaria, locaciones y planes podr\u00e1n acceder a una promoci\u00f3n exclusiva de dos entradas al precio de una de jueves a domingos.<\/p>\n","protected":false},"author":2,"featured_media":55880,"comment_status":"open","ping_status":"open","sticky":false,"template":"","format":"standard","meta":{"om_disable_all_campaigns":false,"_monsterinsights_skip_tracking":false,"_monsterinsights_sitenote_active":false,"_monsterinsights_sitenote_note":"","_monsterinsights_sitenote_category":0,"_uf_show_specific_survey":0,"_uf_disable_surveys":false,"jetpack_post_was_ever_published":false,"_jetpack_newsletter_access":"","_jetpack_dont_email_post_to_subs":false,"_jetpack_newsletter_tier_id":0,"_jetpack_memberships_contains_paywalled_content":false,"_jetpack_memberships_contains_paid_content":false,"footnotes":"","jetpack_publicize_message":"","jetpack_publicize_feature_enabled":true,"jetpack_social_post_already_shared":false,"jetpack_social_options":{"image_generator_settings":{"template":"highway","default_image_id":0,"font":"","enabled":false},"version":2}},"categories":[9,20],"tags":[77,71],"class_list":["post-55879","post","type-post","status-publish","format-standard","has-post-thumbnail","hentry","category-banda","category-especysociales","tag-cine-renzi","tag-municipalidad-de-la-banda"],"aioseo_notices":[],"views":22,"jetpack_publicize_connections":[],"jetpack_featured_media_url":"https:\/\/i0.wp.com\/elterritorialweb.com.ar\/web\/wp-content\/uploads\/2023\/07\/WhatsApp-Image-2023-07-21-at-17.45.20-e1689978777256.jpeg?fit=1280%2C643","jetpack_sharing_enabled":true,"_links":{"self":[{"href":"http:\/\/elterritorialweb.com.ar\/web\/wp-json\/wp\/v2\/posts\/55879","targetHints":{"allow":["GET"]}}],"collection":[{"href":"http:\/\/elterritorialweb.com.ar\/web\/wp-json\/wp\/v2\/posts"}],"about":[{"href":"http:\/\/elterritorialweb.com.ar\/web\/wp-json\/wp\/v2\/types\/post"}],"author":[{"embeddable":true,"href":"http:\/\/elterritorialweb.com.ar\/web\/wp-json\/wp\/v2\/users\/2"}],"replies":[{"embeddable":true,"href":"http:\/\/elterritorialweb.com.ar\/web\/wp-json\/wp\/v2\/comments?post=55879"}],"version-history":[{"count":1,"href":"http:\/\/elterritorialweb.com.ar\/web\/wp-json\/wp\/v2\/posts\/55879\/revisions"}],"predecessor-version":[{"id":55881,"href":"http:\/\/elterritorialweb.com.ar\/web\/wp-json\/wp\/v2\/posts\/55879\/revisions\/55881"}],"wp:featuredmedia":[{"embeddable":true,"href":"http:\/\/elterritorialweb.com.ar\/web\/wp-json\/wp\/v2\/media\/55880"}],"wp:attachment":[{"href":"http:\/\/elterritorialweb.com.ar\/web\/wp-json\/wp\/v2\/media?parent=55879"}],"wp:term":[{"taxonomy":"category","embeddable":true,"href":"http:\/\/elterritorialweb.com.ar\/web\/wp-json\/wp\/v2\/categories?post=55879"},{"taxonomy":"post_tag","embeddable":true,"href":"http:\/\/elterritorialweb.com.ar\/web\/wp-json\/wp\/v2\/tags?post=55879"}],"curies":[{"name":"wp","href":"https:\/\/api.w.org\/{rel}","templated":true}]}}