{"id":55882,"date":"2023-07-21T22:50:58","date_gmt":"2023-07-21T22:50:58","guid":{"rendered":"http:\/\/elterritorialweb.com.ar\/web\/?p=55882"},"modified":"2023-07-21T22:51:01","modified_gmt":"2023-07-21T22:51:01","slug":"invitan-al-foro-transversalizacion-de-genero-y-diversidad-en-la-implementacion-de-la-agenda-2030","status":"publish","type":"post","link":"http:\/\/elterritorialweb.com.ar\/web\/invitan-al-foro-transversalizacion-de-genero-y-diversidad-en-la-implementacion-de-la-agenda-2030\/","title":{"rendered":"INVITAN AL FORO \u201cTRANSVERSALIZACI\u00d3N DE G\u00c9NERO Y DIVERSIDAD EN LA IMPLEMENTACI\u00d3N DE LA AGENDA 2030\u201d"},"content":{"rendered":"\n<p>El director de Gesti\u00f3n P\u00fablica de la Secretar\u00eda de Ciencia y Tecnolog\u00eda, Ricardo Montenegro y la directora provincial de G\u00e9nero, Luciana Oyola, hicieron la invitaci\u00f3n a toda la comunidad santiague\u00f1a a este espacio que tiene el objetivo de trabajar y hacer comprender los principales conceptos vinculados a la perspectiva de g\u00e9nero y diversidad y la propuesta de la Agenda 2030.<br>Tambi\u00e9n \u2013seg\u00fan explicaron- busca reflexionar sobre las representaciones usuales respecto de los estereotipos de g\u00e9nero y conocer sus implicancias en t\u00e9rminos de obst\u00e1culos para el goce y ejercicio efectivo de derechos.<br>El mi\u00e9rcoles 26 estar\u00e1 dirigido a empleados y equipos de todos los \u00e1mbitos de Gobierno. En tanto, el jueves 27 estar\u00e1 destinado a directivos de empresas e instituciones, clubes deportivos y toda organizaci\u00f3n de la sociedad.<br>Montenegro destac\u00f3 que la tem\u00e1tica de g\u00e9nero es uno de los ejes fundamentales de esta gesti\u00f3n de gobierno y resalt\u00f3 que dicho taller busca, entre otros objetivos, \u201cequidad de g\u00e9nero para mujeres y ni\u00f1os\u201d.<br>A su turno, Oyola resalt\u00f3 el trabajo en conjunto de distintos ministerios de la provincia. \u201cEsto se suma a las distintas acciones que venimos desarrollando en toda la provincia para trabajar en la visualizaci\u00f3n de la problem\u00e1tica de g\u00e9nero\u201d, dijo.<\/p>\n","protected":false},"excerpt":{"rendered":"<p>El mi\u00e9rcoles 26 y jueves 27 de julio se realizar\u00e1 en el Nodo Tecnol\u00f3gico de La Banda el Foro \u201cTransversalizaci\u00f3n de G\u00e9nero y Diversidad en la Implementaci\u00f3n de la Agenda 2030 para el Desarrollo Sostenible de Argentina\u201d, con entrada libre y gratuita desde las 8.30<\/p>\n","protected":false},"author":2,"featured_media":55883,"comment_status":"open","ping_status":"open","sticky":false,"template":"","format":"standard","meta":{"om_disable_all_campaigns":false,"_monsterinsights_skip_tracking":false,"_monsterinsights_sitenote_active":false,"_monsterinsights_sitenote_note":"","_monsterinsights_sitenote_category":0,"_uf_show_specific_survey":0,"_uf_disable_surveys":false,"jetpack_post_was_ever_published":false,"_jetpack_newsletter_access":"","_jetpack_dont_email_post_to_subs":false,"_jetpack_newsletter_tier_id":0,"_jetpack_memberships_contains_paywalled_content":false,"_jetpack_memberships_contains_paid_content":false,"footnotes":"","jetpack_publicize_message":"","jetpack_publicize_feature_enabled":true,"jetpack_social_post_already_shared":false,"jetpack_social_options":{"image_generator_settings":{"template":"highway","default_image_id":0,"font":"","enabled":false},"version":2}},"categories":[21],"tags":[],"class_list":["post-55882","post","type-post","status-publish","format-standard","has-post-thumbnail","hentry","category-locales"],"aioseo_notices":[],"views":8,"jetpack_publicize_connections":[],"jetpack_featured_media_url":"https:\/\/i0.wp.com\/elterritorialweb.com.ar\/web\/wp-content\/uploads\/2023\/07\/WhatsApp-Image-2023-07-21-at-15.13.47.jpeg?fit=1600%2C1066","jetpack_sharing_enabled":true,"_links":{"self":[{"href":"http:\/\/elterritorialweb.com.ar\/web\/wp-json\/wp\/v2\/posts\/55882","targetHints":{"allow":["GET"]}}],"collection":[{"href":"http:\/\/elterritorialweb.com.ar\/web\/wp-json\/wp\/v2\/posts"}],"about":[{"href":"http:\/\/elterritorialweb.com.ar\/web\/wp-json\/wp\/v2\/types\/post"}],"author":[{"embeddable":true,"href":"http:\/\/elterritorialweb.com.ar\/web\/wp-json\/wp\/v2\/users\/2"}],"replies":[{"embeddable":true,"href":"http:\/\/elterritorialweb.com.ar\/web\/wp-json\/wp\/v2\/comments?post=55882"}],"version-history":[{"count":1,"href":"http:\/\/elterritorialweb.com.ar\/web\/wp-json\/wp\/v2\/posts\/55882\/revisions"}],"predecessor-version":[{"id":55884,"href":"http:\/\/elterritorialweb.com.ar\/web\/wp-json\/wp\/v2\/posts\/55882\/revisions\/55884"}],"wp:featuredmedia":[{"embeddable":true,"href":"http:\/\/elterritorialweb.com.ar\/web\/wp-json\/wp\/v2\/media\/55883"}],"wp:attachment":[{"href":"http:\/\/elterritorialweb.com.ar\/web\/wp-json\/wp\/v2\/media?parent=55882"}],"wp:term":[{"taxonomy":"category","embeddable":true,"href":"http:\/\/elterritorialweb.com.ar\/web\/wp-json\/wp\/v2\/categories?post=55882"},{"taxonomy":"post_tag","embeddable":true,"href":"http:\/\/elterritorialweb.com.ar\/web\/wp-json\/wp\/v2\/tags?post=55882"}],"curies":[{"name":"wp","href":"https:\/\/api.w.org\/{rel}","templated":true}]}}