{"id":55885,"date":"2023-07-21T22:57:14","date_gmt":"2023-07-21T22:57:14","guid":{"rendered":"http:\/\/elterritorialweb.com.ar\/web\/?p=55885"},"modified":"2023-07-21T22:57:17","modified_gmt":"2023-07-21T22:57:17","slug":"presentan-el-banco-provincial-de-musica-independiente","status":"publish","type":"post","link":"http:\/\/elterritorialweb.com.ar\/web\/presentan-el-banco-provincial-de-musica-independiente\/","title":{"rendered":"PRESENTAN EL BANCO PROVINCIAL DE M\u00daSICA INDEPENDIENTE"},"content":{"rendered":"\n<p>Se trata de una plataforma web de acceso y registro gratuito para grupos y solistas que sirve como herramienta y reservorio en donde pueden descargar y difundir las canciones; y que a su vez tambi\u00e9n ser\u00e1n reproducidos en todos los bancos del pa\u00eds y para facilitar el cumplimiento 65 de la Ley de Servicios de Comunicaci\u00f3n Audiovisual para todos los medios.<br>La presentaci\u00f3n fue realizada por el subsecretario de Cultura de la provincia, Juan Leguizam\u00f3n, junto con el presidente del Instituto Nacional de la M\u00fasica, Bernab\u00e9 Cantlon.<br>\u201cEsta plataforma va cambiar la historia de la producci\u00f3n y difusi\u00f3n de la m\u00fasica santiague\u00f1a\u201d, consider\u00f3 Leguizam\u00f3n, e inst\u00f3 a que todos los medios de comunicaci\u00f3n locales a que se registren y accedan para contribuir con la difusi\u00f3n del arte de la m\u00fasica local y de todas las regiones del pa\u00eds.<br>A su vez, Cantlon destac\u00f3 el sentido federal de este espacio. \u201cEste lanzamiento refleja la articulaci\u00f3n entre la provincia y Naci\u00f3n, y felicitamos a todos los artistas santiague\u00f1os que van a registrarse y poder seguir creciendo musicalmente\u201d, dijo.<br>Explic\u00f3 que en la web hay instructivos y una oportunidad para todos aquellos que crearon y produjeron su material, sin importar si es una canci\u00f3n o m\u00e1s; adem\u00e1s remarc\u00f3: \u201cNo hay una limitaci\u00f3n de g\u00e9nero, es por eso que esperamos que todos los medios de comunicaci\u00f3n formen parte de este portal comunitario\u201d.<br>Para la inscripci\u00f3n y registro los artistas y los periodistas, programadores, musicalizadores y medios de comunicaci\u00f3n (en sus paneles correspondientes) deber\u00e1n ingresar en (<a href=\"https:\/\/bm.santiagodelestero.musica.ar\/login.html\" data-type=\"URL\" data-id=\"https:\/\/bm.santiagodelestero.musica.ar\/login.html\">santiagodelestero.musica.ar<\/a>) y seguir el instructivo.<\/p>\n","protected":false},"excerpt":{"rendered":"<p>Con el objetivo de facilitar el acceso de todas las creaciones musicales sin distinciones a todos los medios masivos de comunicaci\u00f3n del pa\u00eds y promover la igualdad de oportunidades para la difusi\u00f3n de todos los creadores santiague\u00f1os, fue presentado este viernes el Banco Provincial de M\u00fasica Independiente.<\/p>\n","protected":false},"author":2,"featured_media":55886,"comment_status":"open","ping_status":"open","sticky":false,"template":"","format":"standard","meta":{"om_disable_all_campaigns":false,"_monsterinsights_skip_tracking":false,"_monsterinsights_sitenote_active":false,"_monsterinsights_sitenote_note":"","_monsterinsights_sitenote_category":0,"_uf_show_specific_survey":0,"_uf_disable_surveys":false,"jetpack_post_was_ever_published":false,"_jetpack_newsletter_access":"","_jetpack_dont_email_post_to_subs":false,"_jetpack_newsletter_tier_id":0,"_jetpack_memberships_contains_paywalled_content":false,"_jetpack_memberships_contains_paid_content":false,"footnotes":"","jetpack_publicize_message":"","jetpack_publicize_feature_enabled":true,"jetpack_social_post_already_shared":false,"jetpack_social_options":{"image_generator_settings":{"template":"highway","default_image_id":0,"font":"","enabled":false},"version":2}},"categories":[21],"tags":[],"class_list":["post-55885","post","type-post","status-publish","format-standard","has-post-thumbnail","hentry","category-locales"],"aioseo_notices":[],"views":15,"jetpack_publicize_connections":[],"jetpack_featured_media_url":"https:\/\/i0.wp.com\/elterritorialweb.com.ar\/web\/wp-content\/uploads\/2023\/07\/WhatsApp-Image-2023-07-21-at-19.17.07.jpeg?fit=1600%2C1066","jetpack_sharing_enabled":true,"_links":{"self":[{"href":"http:\/\/elterritorialweb.com.ar\/web\/wp-json\/wp\/v2\/posts\/55885","targetHints":{"allow":["GET"]}}],"collection":[{"href":"http:\/\/elterritorialweb.com.ar\/web\/wp-json\/wp\/v2\/posts"}],"about":[{"href":"http:\/\/elterritorialweb.com.ar\/web\/wp-json\/wp\/v2\/types\/post"}],"author":[{"embeddable":true,"href":"http:\/\/elterritorialweb.com.ar\/web\/wp-json\/wp\/v2\/users\/2"}],"replies":[{"embeddable":true,"href":"http:\/\/elterritorialweb.com.ar\/web\/wp-json\/wp\/v2\/comments?post=55885"}],"version-history":[{"count":1,"href":"http:\/\/elterritorialweb.com.ar\/web\/wp-json\/wp\/v2\/posts\/55885\/revisions"}],"predecessor-version":[{"id":55887,"href":"http:\/\/elterritorialweb.com.ar\/web\/wp-json\/wp\/v2\/posts\/55885\/revisions\/55887"}],"wp:featuredmedia":[{"embeddable":true,"href":"http:\/\/elterritorialweb.com.ar\/web\/wp-json\/wp\/v2\/media\/55886"}],"wp:attachment":[{"href":"http:\/\/elterritorialweb.com.ar\/web\/wp-json\/wp\/v2\/media?parent=55885"}],"wp:term":[{"taxonomy":"category","embeddable":true,"href":"http:\/\/elterritorialweb.com.ar\/web\/wp-json\/wp\/v2\/categories?post=55885"},{"taxonomy":"post_tag","embeddable":true,"href":"http:\/\/elterritorialweb.com.ar\/web\/wp-json\/wp\/v2\/tags?post=55885"}],"curies":[{"name":"wp","href":"https:\/\/api.w.org\/{rel}","templated":true}]}}