{"id":55897,"date":"2023-07-22T17:45:40","date_gmt":"2023-07-22T17:45:40","guid":{"rendered":"http:\/\/elterritorialweb.com.ar\/web\/?p=55897"},"modified":"2023-07-22T17:46:31","modified_gmt":"2023-07-22T17:46:31","slug":"nediani-inauguro-una-nueva-obra-de-pavimentacion-en-la-banda","status":"publish","type":"post","link":"http:\/\/elterritorialweb.com.ar\/web\/nediani-inauguro-una-nueva-obra-de-pavimentacion-en-la-banda\/","title":{"rendered":"NEDIANI INAUGUR\u00d3 UNA NUEVA OBRA DE PAVIMENTACI\u00d3N EN LA BANDA"},"content":{"rendered":"\n<p>La obra fue habilitada el viernes a la tarde en donde estuvieron presentes el viceintendente Gabriel Santill\u00e1n, diputados provinciales, autoridades del Ejecutivo Municipal, concejales, integrantes de la Junta Vecinal y vecinos de la zona.<br>La Secretar\u00eda de Obras P\u00fablicas fue la encargada de ejecutar esta obra que comprende unos 350 metros sobre calle Cassaffousth, desde Julio Argentino Jerez hasta Tucum\u00e1n, y 500 metros sobre calle Elordi, desde Laprida hasta Omil.<br>Seg\u00fan se inform\u00f3, el material utilizado para pavimentar las calles fue Hormig\u00f3n H21 con un espesor de 020 para garantizar la calidad y la durabilidad de la obra.<br>En la oportunidad, el intendente Roger Nediani, expres\u00f3: \u00abHoy estamos inaugurando nuevas obras de pavimentaci\u00f3n en dos arterias importantes de la ciudad de La Banda, las calles Elordi y Cassaffousth, en el sector del barrio Central Argentino\u201d.<\/p>\n\n\n\n<figure class=\"wp-block-image size-large\"><a href=\"https:\/\/i0.wp.com\/elterritorialweb.com.ar\/web\/wp-content\/uploads\/2023\/07\/IMG-20230722-WA0037.jpg\"><img data-recalc-dims=\"1\" decoding=\"async\" width=\"640\" height=\"426\" data-src=\"https:\/\/i0.wp.com\/elterritorialweb.com.ar\/web\/wp-content\/uploads\/2023\/07\/IMG-20230722-WA0037.jpg?resize=640%2C426\" alt=\"\" class=\"wp-image-55899 lazyload\" data-srcset=\"https:\/\/i0.wp.com\/elterritorialweb.com.ar\/web\/wp-content\/uploads\/2023\/07\/IMG-20230722-WA0037.jpg?resize=1024%2C681 1024w, https:\/\/i0.wp.com\/elterritorialweb.com.ar\/web\/wp-content\/uploads\/2023\/07\/IMG-20230722-WA0037.jpg?resize=300%2C200 300w, https:\/\/i0.wp.com\/elterritorialweb.com.ar\/web\/wp-content\/uploads\/2023\/07\/IMG-20230722-WA0037.jpg?resize=768%2C511 768w, https:\/\/i0.wp.com\/elterritorialweb.com.ar\/web\/wp-content\/uploads\/2023\/07\/IMG-20230722-WA0037.jpg?resize=1536%2C1021 1536w, https:\/\/i0.wp.com\/elterritorialweb.com.ar\/web\/wp-content\/uploads\/2023\/07\/IMG-20230722-WA0037.jpg?w=1600 1600w, https:\/\/i0.wp.com\/elterritorialweb.com.ar\/web\/wp-content\/uploads\/2023\/07\/IMG-20230722-WA0037.jpg?w=1280 1280w\" data-sizes=\"(max-width: 640px) 100vw, 640px\" src=\"data:image\/svg+xml;base64,PHN2ZyB3aWR0aD0iMSIgaGVpZ2h0PSIxIiB4bWxucz0iaHR0cDovL3d3dy53My5vcmcvMjAwMC9zdmciPjwvc3ZnPg==\" style=\"--smush-placeholder-width: 640px; --smush-placeholder-aspect-ratio: 640\/426;\" \/><\/a><\/figure>\n\n\n\n<p>\u201cEn la intersecci\u00f3n de estas calles tambi\u00e9n hemos remozado la plaza del barrio con juegos nuevos y luminarias LED, y colocamos carteles nomencladores en las casas para indicar la orientaci\u00f3n de circulaci\u00f3n de las calles y los n\u00fameros de los domicilios\u201d.<br>Agreg\u00f3: \u201cEstamos muy contentos por el acompa\u00f1amiento de los vecinos y de la Junta Vecinal del barrio Central Argentino. Creo que esto es un logro de todos los vecinos que, a trav\u00e9s de su Junta Vecinal y el trabajo en conjunto con el municipio, pudimos llevar adelante esta obra\u201d.<br>\u201cEsto es lo que propongo a los vecinos de los diferentes barrios de la ciudad de La Banda, que formen sus Juntas Vecinales y se acerquen al municipio para elaborar juntos proyectos que mejoren los servicios y la infraestructura de cada sector\u00bb.<br>\u00abHoy comenzamos a inaugurar una serie de obras que forman parte de un Plan de Mejoramiento de Calles con obras como cord\u00f3n cuneta, aporte de suelo y base estabilizada y pavimento de hormig\u00f3n. Por eso, vamos a continuar realizando estas obras que nos comprometimos a realizar durante la campa\u00f1a y que necesitan los vecinos sobre todo para mejorar la seguridad vial y su calidad de vida\u00bb, finaliz\u00f3 Nediani.<\/p>\n","protected":false},"excerpt":{"rendered":"<p>El intendente Roger Nediani inaugur\u00f3 una obra de pavimentaci\u00f3n de m\u00e1s de 800 metros que tambi\u00e9n incluy\u00f3 la reconversi\u00f3n lum\u00ednica y la colocaci\u00f3n de nomencladores en las calles Elordi y Cassaffousth, en el sector del barrio Central Argentino.<\/p>\n","protected":false},"author":2,"featured_media":55898,"comment_status":"open","ping_status":"open","sticky":false,"template":"","format":"standard","meta":{"om_disable_all_campaigns":false,"_monsterinsights_skip_tracking":false,"_monsterinsights_sitenote_active":false,"_monsterinsights_sitenote_note":"","_monsterinsights_sitenote_category":0,"_uf_show_specific_survey":0,"_uf_disable_surveys":false,"jetpack_post_was_ever_published":false,"_jetpack_newsletter_access":"","_jetpack_dont_email_post_to_subs":false,"_jetpack_newsletter_tier_id":0,"_jetpack_memberships_contains_paywalled_content":false,"_jetpack_memberships_contains_paid_content":false,"footnotes":"","jetpack_publicize_message":"","jetpack_publicize_feature_enabled":true,"jetpack_social_post_already_shared":false,"jetpack_social_options":{"image_generator_settings":{"template":"highway","default_image_id":0,"font":"","enabled":false},"version":2}},"categories":[9,4],"tags":[71,63,439,51],"class_list":["post-55897","post","type-post","status-publish","format-standard","has-post-thumbnail","hentry","category-banda","category-destacadas","tag-municipalidad-de-la-banda","tag-obras","tag-pavimentacion","tag-roger-nediani"],"aioseo_notices":[],"views":10,"jetpack_publicize_connections":[],"jetpack_featured_media_url":"https:\/\/i0.wp.com\/elterritorialweb.com.ar\/web\/wp-content\/uploads\/2023\/07\/IMG-20230722-WA0038.jpg?fit=1600%2C1064","jetpack_sharing_enabled":true,"_links":{"self":[{"href":"http:\/\/elterritorialweb.com.ar\/web\/wp-json\/wp\/v2\/posts\/55897","targetHints":{"allow":["GET"]}}],"collection":[{"href":"http:\/\/elterritorialweb.com.ar\/web\/wp-json\/wp\/v2\/posts"}],"about":[{"href":"http:\/\/elterritorialweb.com.ar\/web\/wp-json\/wp\/v2\/types\/post"}],"author":[{"embeddable":true,"href":"http:\/\/elterritorialweb.com.ar\/web\/wp-json\/wp\/v2\/users\/2"}],"replies":[{"embeddable":true,"href":"http:\/\/elterritorialweb.com.ar\/web\/wp-json\/wp\/v2\/comments?post=55897"}],"version-history":[{"count":1,"href":"http:\/\/elterritorialweb.com.ar\/web\/wp-json\/wp\/v2\/posts\/55897\/revisions"}],"predecessor-version":[{"id":55900,"href":"http:\/\/elterritorialweb.com.ar\/web\/wp-json\/wp\/v2\/posts\/55897\/revisions\/55900"}],"wp:featuredmedia":[{"embeddable":true,"href":"http:\/\/elterritorialweb.com.ar\/web\/wp-json\/wp\/v2\/media\/55898"}],"wp:attachment":[{"href":"http:\/\/elterritorialweb.com.ar\/web\/wp-json\/wp\/v2\/media?parent=55897"}],"wp:term":[{"taxonomy":"category","embeddable":true,"href":"http:\/\/elterritorialweb.com.ar\/web\/wp-json\/wp\/v2\/categories?post=55897"},{"taxonomy":"post_tag","embeddable":true,"href":"http:\/\/elterritorialweb.com.ar\/web\/wp-json\/wp\/v2\/tags?post=55897"}],"curies":[{"name":"wp","href":"https:\/\/api.w.org\/{rel}","templated":true}]}}