{"id":55901,"date":"2023-07-22T17:54:49","date_gmt":"2023-07-22T17:54:49","guid":{"rendered":"http:\/\/elterritorialweb.com.ar\/web\/?p=55901"},"modified":"2023-07-22T17:54:52","modified_gmt":"2023-07-22T17:54:52","slug":"la-banda-estuvo-presente-nuevamente-en-la-marcha-de-los-bombos","status":"publish","type":"post","link":"http:\/\/elterritorialweb.com.ar\/web\/la-banda-estuvo-presente-nuevamente-en-la-marcha-de-los-bombos\/","title":{"rendered":"LA BANDA ESTUVO PRESENTE NUEVAMENTE EN LA MARCHA DE LOS BOMBOS"},"content":{"rendered":"\n<p>En este importante evento estuvieron presentes la secretaria de Gobierno, Victoria Torres junto con la subsecretaria de Educaci\u00f3n y Cultura, Alejandra Far\u00edas; la directora de Discapacidad, Alejandra Nallar; la directora de Turismo Municipal, Graciela Rosales, integrantes del Instituto Nacional de Tecnolog\u00eda Agropecuaria (INTA) y tambi\u00e9n se cont\u00f3 con la participaci\u00f3n de aproximadamente 22 academias junto con sus profesores y familiares.<br>Por su parte, la secretaria de Gobierno, Victoria Torres, destac\u00f3: \u201cEstamos muy contentos desde la Municipalidad de La Banda gracias al apoyo del intendente Roger Nediani para que podamos participar tanto desde la Direcci\u00f3n de Turismo como Cultura y todas las \u00e1reas que estamos colaborando con el Centro Cultural La Telesita en este importante evento cultural que ha producido una movilizaci\u00f3n importante\u201d.<\/p>\n\n\n\n<p>\u201cAqu\u00ed en la ciudad de La Banda esta 100% cubierto las plazas hoteleras y tambi\u00e9n se entreg\u00f3 distintos reconocimientos a todos los profesores de las danzas de nuestras escuelas municipales tanto las p\u00fablicas como las privadas\u201d, finaliz\u00f3 Torres<br>Asimismo, la subsecretaria de Educaci\u00f3n y Cultura, Alejandra Far\u00edas resalt\u00f3: \u201cLa ciudad de La Banda participando de la marcha de los bombos la cual agradecemos al intendente ya que lleg\u00f3 a propiciar este encuentro cultural en la plaza principal y reconocer el trabajo de los distintos artistas y bailarines\u201d.<br>En la oportunidad, la directora de Turismo Municipal, Graciela Rosales, manifest\u00f3: \u00abDesde la direcci\u00f3n se ha ido facilitando diferente informaci\u00f3n en cuanto a alojamientos alternativos que iban desde patios para acampar, alquiler de casas y dem\u00e1s; esto dinamiza la econom\u00eda bande\u00f1a\u201d.<br>\u201cEstamos felices de recibir turistas de todos el pa\u00eds nos han visitado por medio de nuestra unidad de informaci\u00f3n tur\u00edstica gente de Tucum\u00e1n, Catamarca, Entre R\u00edos, Mendoza, se van a vivir unos d\u00edas esplendidos aqu\u00ed en Santiago del Estero y pr\u00f3ximos tambi\u00e9n a lo que se viene en agosto la fiesta de la abuela Carabajal\u201d.<br>\u201cPrincipalmente se ha llegado a homenajear a los grandes bailarines Gaudencio Acu\u00f1a, a la profesora Ramona Barraza y Alicia Pereyra; y ahora vamos hacer una parada en la plaza de las mariposas ya que nos espera la Direcci\u00f3n de la Discapacidad junto a otras instituciones porque este a\u00f1o queremos hacer una marcha inclusiva para que todos realmente puedan participar\u201d, indic\u00f3 Rosales<br>Para finalizar, la directora de Discapacidad, Alejandra Nallar, resalt\u00f3: \u201cEn esta nueva edici\u00f3n de la marcha de los bombos estamos participando desde la Direcci\u00f3n de Discapacidad y as\u00ed tambi\u00e9n dando continuidad con las pol\u00edticas inclusivas de nuestro intendente Roger Nediani, en esta oportunidad llegamos acompa\u00f1ar el tramo tan importante y simb\u00f3lico que es el Puente Carretero\u201d.<br>\u201cEn esta procedencia hemos contemplado la disponibilidad de sillas de ruedas para quienes desearon asistir\u201d, finaliz\u00f3 Nallar.<\/p>\n","protected":false},"excerpt":{"rendered":"<p>En la ma\u00f1ana del s\u00e1bado, diferentes \u00e1reas de la Municipalidad de La Banda acompa\u00f1aron a un centenar de personas que participaron desde la Plaza Manuel Belgrano, en el marco de la XXI Edici\u00f3n de la Marcha de los bombos, organizada por la Fundaci\u00f3n \u201cPatio del Indio Froil\u00e1n \u201cy la Asociaci\u00f3n Civil Tel\u00e9sfora Castillo (Centro Cultural \u201cLa Telesita\u201d).<\/p>\n","protected":false},"author":2,"featured_media":55902,"comment_status":"open","ping_status":"open","sticky":false,"template":"","format":"standard","meta":{"om_disable_all_campaigns":false,"_monsterinsights_skip_tracking":false,"_monsterinsights_sitenote_active":false,"_monsterinsights_sitenote_note":"","_monsterinsights_sitenote_category":0,"_uf_show_specific_survey":0,"_uf_disable_surveys":false,"jetpack_post_was_ever_published":false,"_jetpack_newsletter_access":"","_jetpack_dont_email_post_to_subs":false,"_jetpack_newsletter_tier_id":0,"_jetpack_memberships_contains_paywalled_content":false,"_jetpack_memberships_contains_paid_content":false,"footnotes":"","jetpack_publicize_message":"","jetpack_publicize_feature_enabled":true,"jetpack_social_post_already_shared":false,"jetpack_social_options":{"image_generator_settings":{"template":"highway","default_image_id":0,"font":"","enabled":false},"version":2}},"categories":[9],"tags":[50,497],"class_list":["post-55901","post","type-post","status-publish","format-standard","has-post-thumbnail","hentry","category-banda","tag-la-banda","tag-marcha-de-los-bombos"],"aioseo_notices":[],"views":17,"jetpack_publicize_connections":[],"jetpack_featured_media_url":"https:\/\/i0.wp.com\/elterritorialweb.com.ar\/web\/wp-content\/uploads\/2023\/07\/IMG-20230722-WA0042.jpg?fit=1280%2C845","jetpack_sharing_enabled":true,"_links":{"self":[{"href":"http:\/\/elterritorialweb.com.ar\/web\/wp-json\/wp\/v2\/posts\/55901","targetHints":{"allow":["GET"]}}],"collection":[{"href":"http:\/\/elterritorialweb.com.ar\/web\/wp-json\/wp\/v2\/posts"}],"about":[{"href":"http:\/\/elterritorialweb.com.ar\/web\/wp-json\/wp\/v2\/types\/post"}],"author":[{"embeddable":true,"href":"http:\/\/elterritorialweb.com.ar\/web\/wp-json\/wp\/v2\/users\/2"}],"replies":[{"embeddable":true,"href":"http:\/\/elterritorialweb.com.ar\/web\/wp-json\/wp\/v2\/comments?post=55901"}],"version-history":[{"count":1,"href":"http:\/\/elterritorialweb.com.ar\/web\/wp-json\/wp\/v2\/posts\/55901\/revisions"}],"predecessor-version":[{"id":55903,"href":"http:\/\/elterritorialweb.com.ar\/web\/wp-json\/wp\/v2\/posts\/55901\/revisions\/55903"}],"wp:featuredmedia":[{"embeddable":true,"href":"http:\/\/elterritorialweb.com.ar\/web\/wp-json\/wp\/v2\/media\/55902"}],"wp:attachment":[{"href":"http:\/\/elterritorialweb.com.ar\/web\/wp-json\/wp\/v2\/media?parent=55901"}],"wp:term":[{"taxonomy":"category","embeddable":true,"href":"http:\/\/elterritorialweb.com.ar\/web\/wp-json\/wp\/v2\/categories?post=55901"},{"taxonomy":"post_tag","embeddable":true,"href":"http:\/\/elterritorialweb.com.ar\/web\/wp-json\/wp\/v2\/tags?post=55901"}],"curies":[{"name":"wp","href":"https:\/\/api.w.org\/{rel}","templated":true}]}}