{"id":55904,"date":"2023-07-24T00:15:48","date_gmt":"2023-07-24T00:15:48","guid":{"rendered":"http:\/\/elterritorialweb.com.ar\/web\/?p=55904"},"modified":"2023-07-24T00:15:56","modified_gmt":"2023-07-24T00:15:56","slug":"una-multitud-participo-de-los-festejos-por-los-52-anos-de-la-sachaguitarra-atamisquena","status":"publish","type":"post","link":"http:\/\/elterritorialweb.com.ar\/web\/una-multitud-participo-de-los-festejos-por-los-52-anos-de-la-sachaguitarra-atamisquena\/","title":{"rendered":"UNA MULTITUD PARTICIP\u00d3 DE LOS FESTEJOS POR LOS 52 A\u00d1OS DE LA SACHAGUITARRA ATAMISQUE\u00d1A"},"content":{"rendered":"\n<p>El vicegobernador Carlos Silva Neder, en representaci\u00f3n del gobernador Gerardo Zamora, particip\u00f3 de la celebraci\u00f3n en Villa Atamisqui, donde fue recibido por el intendente Roberto Brand\u00e1n.<br>Durante el encuentro que fue declarado por la C\u00e1mara de Diputados de inter\u00e9s legislativo, cultural, social y popular, se proyect\u00f3 un v\u00eddeo del gobernador enviando saludos por el nuevo aniversario, luego se entreg\u00f3 a Manolo Herrera una placa en memoria de su padre Elpidio Herrera, por su aporte a la cultura santiague\u00f1a.<\/p>\n\n\n\n<figure class=\"wp-block-image size-large\"><a href=\"https:\/\/i0.wp.com\/elterritorialweb.com.ar\/web\/wp-content\/uploads\/2023\/07\/WhatsApp-Image-2023-07-22-at-18.52.40.jpeg\"><img data-recalc-dims=\"1\" decoding=\"async\" width=\"640\" height=\"426\" data-src=\"https:\/\/i0.wp.com\/elterritorialweb.com.ar\/web\/wp-content\/uploads\/2023\/07\/WhatsApp-Image-2023-07-22-at-18.52.40.jpeg?resize=640%2C426\" alt=\"\" class=\"wp-image-55905 lazyload\" data-srcset=\"https:\/\/i0.wp.com\/elterritorialweb.com.ar\/web\/wp-content\/uploads\/2023\/07\/WhatsApp-Image-2023-07-22-at-18.52.40.jpeg?resize=1024%2C682 1024w, https:\/\/i0.wp.com\/elterritorialweb.com.ar\/web\/wp-content\/uploads\/2023\/07\/WhatsApp-Image-2023-07-22-at-18.52.40.jpeg?resize=300%2C200 300w, https:\/\/i0.wp.com\/elterritorialweb.com.ar\/web\/wp-content\/uploads\/2023\/07\/WhatsApp-Image-2023-07-22-at-18.52.40.jpeg?resize=768%2C512 768w, https:\/\/i0.wp.com\/elterritorialweb.com.ar\/web\/wp-content\/uploads\/2023\/07\/WhatsApp-Image-2023-07-22-at-18.52.40.jpeg?resize=1536%2C1023 1536w, https:\/\/i0.wp.com\/elterritorialweb.com.ar\/web\/wp-content\/uploads\/2023\/07\/WhatsApp-Image-2023-07-22-at-18.52.40.jpeg?w=1600 1600w, https:\/\/i0.wp.com\/elterritorialweb.com.ar\/web\/wp-content\/uploads\/2023\/07\/WhatsApp-Image-2023-07-22-at-18.52.40.jpeg?w=1280 1280w\" data-sizes=\"(max-width: 640px) 100vw, 640px\" src=\"data:image\/svg+xml;base64,PHN2ZyB3aWR0aD0iMSIgaGVpZ2h0PSIxIiB4bWxucz0iaHR0cDovL3d3dy53My5vcmcvMjAwMC9zdmciPjwvc3ZnPg==\" style=\"--smush-placeholder-width: 640px; --smush-placeholder-aspect-ratio: 640\/426;\" \/><\/a><\/figure>\n\n\n\n<p>Tras la bienvenida, Manolo agradeci\u00f3 la presencia de las autoridades y de todo el p\u00fablico, por mantener vivo el recuerdo de su padre.<\/p>\n","protected":false},"excerpt":{"rendered":"<p>Con un multitudinario acompa\u00f1amiento de vecinos y de turistas de todas partes del pa\u00eds se desarroll\u00f3 este s\u00e1bado la fiesta por el 52\u00b0 aniversario de la Sachaguitarra Atamisque\u00f1a, en el patio de la casa de Elpidio Herrera, luthier que revolucion\u00f3 la m\u00fasica con su m\u00edtico instrumento.<\/p>\n","protected":false},"author":2,"featured_media":55906,"comment_status":"open","ping_status":"open","sticky":false,"template":"","format":"standard","meta":{"om_disable_all_campaigns":false,"_monsterinsights_skip_tracking":false,"_monsterinsights_sitenote_active":false,"_monsterinsights_sitenote_note":"","_monsterinsights_sitenote_category":0,"_uf_show_specific_survey":0,"_uf_disable_surveys":false,"jetpack_post_was_ever_published":false,"_jetpack_newsletter_access":"","_jetpack_dont_email_post_to_subs":false,"_jetpack_newsletter_tier_id":0,"_jetpack_memberships_contains_paywalled_content":false,"_jetpack_memberships_contains_paid_content":false,"footnotes":"","jetpack_publicize_message":"","jetpack_publicize_feature_enabled":true,"jetpack_social_post_already_shared":false,"jetpack_social_options":{"image_generator_settings":{"template":"highway","default_image_id":0,"font":"","enabled":false},"version":2}},"categories":[21],"tags":[],"class_list":["post-55904","post","type-post","status-publish","format-standard","has-post-thumbnail","hentry","category-locales"],"aioseo_notices":[],"views":9,"jetpack_publicize_connections":[],"jetpack_featured_media_url":"https:\/\/i0.wp.com\/elterritorialweb.com.ar\/web\/wp-content\/uploads\/2023\/07\/WhatsApp-Image-2023-07-22-at-18.52.42.jpeg?fit=1600%2C1066","jetpack_sharing_enabled":true,"_links":{"self":[{"href":"http:\/\/elterritorialweb.com.ar\/web\/wp-json\/wp\/v2\/posts\/55904","targetHints":{"allow":["GET"]}}],"collection":[{"href":"http:\/\/elterritorialweb.com.ar\/web\/wp-json\/wp\/v2\/posts"}],"about":[{"href":"http:\/\/elterritorialweb.com.ar\/web\/wp-json\/wp\/v2\/types\/post"}],"author":[{"embeddable":true,"href":"http:\/\/elterritorialweb.com.ar\/web\/wp-json\/wp\/v2\/users\/2"}],"replies":[{"embeddable":true,"href":"http:\/\/elterritorialweb.com.ar\/web\/wp-json\/wp\/v2\/comments?post=55904"}],"version-history":[{"count":1,"href":"http:\/\/elterritorialweb.com.ar\/web\/wp-json\/wp\/v2\/posts\/55904\/revisions"}],"predecessor-version":[{"id":55907,"href":"http:\/\/elterritorialweb.com.ar\/web\/wp-json\/wp\/v2\/posts\/55904\/revisions\/55907"}],"wp:featuredmedia":[{"embeddable":true,"href":"http:\/\/elterritorialweb.com.ar\/web\/wp-json\/wp\/v2\/media\/55906"}],"wp:attachment":[{"href":"http:\/\/elterritorialweb.com.ar\/web\/wp-json\/wp\/v2\/media?parent=55904"}],"wp:term":[{"taxonomy":"category","embeddable":true,"href":"http:\/\/elterritorialweb.com.ar\/web\/wp-json\/wp\/v2\/categories?post=55904"},{"taxonomy":"post_tag","embeddable":true,"href":"http:\/\/elterritorialweb.com.ar\/web\/wp-json\/wp\/v2\/tags?post=55904"}],"curies":[{"name":"wp","href":"https:\/\/api.w.org\/{rel}","templated":true}]}}