{"id":55908,"date":"2023-07-24T00:54:38","date_gmt":"2023-07-24T00:54:38","guid":{"rendered":"http:\/\/elterritorialweb.com.ar\/web\/?p=55908"},"modified":"2023-07-24T00:54:40","modified_gmt":"2023-07-24T00:54:40","slug":"el-turismo-pista-hizo-delirar-a-los-fanaticos-en-las-termas","status":"publish","type":"post","link":"http:\/\/elterritorialweb.com.ar\/web\/el-turismo-pista-hizo-delirar-a-los-fanaticos-en-las-termas\/","title":{"rendered":"EL TURISMO PISTA HIZO DELIRAR A LOS FAN\u00c1TICOS EN LAS TERMAS"},"content":{"rendered":"\n<p>M\u00e1s de cien pilotos giraron en la mejor pista del pa\u00eds e hicieron delirar a los fan\u00e1ticos que dijeron presente en las tribunas, disfrutando de una de las categor\u00eda m\u00e1s convocantes del deporte motor.<\/p>\n\n\n\n<h3 class=\"wp-block-heading\">FRANCISCO SU\u00c1REZ TUVO SU BAUTISMO TRIUNFAL EN EL TURISMO PISTA<\/h3>\n\n\n\n<p>Francisco Su\u00e1rez se qued\u00f3 con la final de la Clase Uno del Turismo Pista en el aut\u00f3dromo de Termas de R\u00edo Hondo, escenario de la sexta fecha de la temporada. Joaqu\u00edn Melo y Lucas Canteli completaron el podio.<\/p>\n\n\n\n<p>En el comienzo de la carrera, Melo captur\u00f3 la vanguardia, mientras que Bernardo Poggi tuvo un gran inicio y le arrebat\u00f3 el segundo lugar a Canteli. En tanto, este \u00faltimo tambi\u00e9n perdi\u00f3 terreno con Su\u00e1rez, quien se acomod\u00f3 en la tercera ubicaci\u00f3n. Sin embargo, en el segundo giro la velocidad se interrumpi\u00f3 por el ingreso del Auto de Seguridad debido al despiste de Joaqu\u00edn Pereira.<\/p>\n\n\n\n<p>La bandera verde apareci\u00f3 en la cuarta vuelta y Melo se mantuvo adelante, mientras que Miguel Cangelaro remontaban desde el fondo para meterse dentro del top 15. M\u00e1s atr\u00e1s, Michael Boccagni y Juan Jos\u00e9 Martinelli se entreveraron en un toque que retras\u00f3 al primero de ellos.<\/p>\n\n\n\n<p>Adelante, el de Tandil lideraba, pero ten\u00eda la presi\u00f3n de Su\u00e1rez y Cangelaro ya estaba dentro de las diez primeras posiciones. En el pelot\u00f3n, Mauro Bosque y Joaqu\u00edn Gonz\u00e1lez Coste protagonizaron un toque y ambos pilotos cayeron en el clasificador.<\/p>\n\n\n\n<p>En la vanguardia, Melo y Su\u00e1rez batallaron durante toda una vuelta, donde intercambiaron la posici\u00f3n de privilegio. Por su parte, Cangelaro hizo una gran maniobra para ser el nuevo tercero al relegar a Poggi y Canteli. El de Lober\u00eda ten\u00eda un ritmo extraordinario y r\u00e1pidamente se met\u00eda en la pelea directa por el triunfo.<\/p>\n\n\n\n<figure class=\"wp-block-image size-full is-resized\"><a href=\"https:\/\/i0.wp.com\/elterritorialweb.com.ar\/web\/wp-content\/uploads\/2023\/07\/Turismo-pista-C1.jpg\"><img data-recalc-dims=\"1\" decoding=\"async\" data-src=\"https:\/\/i0.wp.com\/elterritorialweb.com.ar\/web\/wp-content\/uploads\/2023\/07\/Turismo-pista-C1.jpg?resize=640%2C469\" alt=\"\" class=\"wp-image-55909 lazyload\" width=\"640\" height=\"469\" data-srcset=\"https:\/\/i0.wp.com\/elterritorialweb.com.ar\/web\/wp-content\/uploads\/2023\/07\/Turismo-pista-C1.jpg?w=510 510w, https:\/\/i0.wp.com\/elterritorialweb.com.ar\/web\/wp-content\/uploads\/2023\/07\/Turismo-pista-C1.jpg?resize=300%2C220 300w\" data-sizes=\"(max-width: 640px) 100vw, 640px\" src=\"data:image\/svg+xml;base64,PHN2ZyB3aWR0aD0iMSIgaGVpZ2h0PSIxIiB4bWxucz0iaHR0cDovL3d3dy53My5vcmcvMjAwMC9zdmciPjwvc3ZnPg==\" style=\"--smush-placeholder-width: 640px; --smush-placeholder-aspect-ratio: 640\/469;\" \/><\/a><\/figure>\n\n\n\n<p>A dos minutos para la bandera a cuadros, el golpe de escena fue el quedo de Cangelaro luego de un roce con Melo, quien perdi\u00f3 la punta con Su\u00e1rez. En la pugna por el tercer lugar, Canteli, Poggi, Christian Becher e Ignacio Rodr\u00edguez lucharon hasta la l\u00ednea de sentencia.<\/p>\n\n\n\n<p>En un final apretado, Su\u00e1rez cristaliz\u00f3 su primera victoria dentro de la categor\u00eda, escoltado por Melo y Cantelli. El top diez lo completaron Poggi, Rodr\u00edguez, Christian Becher, Conrado Sama, Thomas Marchesin, Ignacio Esp\u00edndola y Marcos Cordani.<\/p>\n\n\n\n<p>Gabriel Melian hab\u00eda finalizado s\u00e9ptimo en pista, pero fue excluido por reiteraras maniobras peligrosas.<\/p>\n\n\n\n<p>En el campeonato, Melo sigue al frente con 225,5 puntos, secundado por Canteli con 201 y Marchesin con 143,5 unidades. La s\u00e9ptima fecha de la Clase Uno del Turismo Pista ser\u00e1 el pr\u00f3ximo 20 de agosto en el aut\u00f3dromo de R\u00edo Cuarto.<\/p>\n\n\n\n<h3 class=\"wp-block-heading\">EZEQUIEL BOSIO GAN\u00d3 LA INTENSA FINAL DE LA CLASE 2 <\/h3>\n\n\n\n<p>Ezequiel Bosio y el Volkswagen Up alistado por el Robledo Competici\u00f3n prevalecieron en la final de la Clase Uno del Turismo Pista en el aut\u00f3dromo de Termas de R\u00edo Hondo, sede de la sexta fecha de la temporada. Luciano Mart\u00ednez y Yair Etcheveste completaron el podio.<\/p>\n\n\n\n<p>En el arranque, Mart\u00ednez, Jos\u00e9 Luis Costamagna, Bosio, Santiago Lantella y Etcheveste animaron la lucha por la punta, mientras que m\u00e1s atr\u00e1s, Gast\u00f3n Fontana quedaba cruzado en la pista despu\u00e9s de recibir un toque. Fuera de los punteros, Pablo V\u00e1zquez, Nicol\u00e1s Herrera, Mart\u00edn Leston, Gonzalo Poles y Agust\u00edn Herrera protagonizaban la pugna en el segundo pelot\u00f3n.<\/p>\n\n\n\n<p>Sobre la mitad de la prueba, Mart\u00ednez ten\u00eda una peque\u00f1a luz, pero Bosio logr\u00f3 recortarle esa ventaja al l\u00edder y se le fue encima. Adem\u00e1s, Etcheveste viajaba expectante en la tercera colocaci\u00f3n y Lantella tiraba junto a Costamagna para dar caza del entrerriano. La lucha en la vanguardia hacia que los pilotos del grupo perseguidor limaran parte de la diferencia.<\/p>\n\n\n\n<p>A siete giros para el final, Bosio dio cuenta de Mart\u00ednez para ser el nuevo puntero, pero en la vuelta siguiente el ex campe\u00f3n de la Clase Uno lanz\u00f3 su ataque para intentar recuperar la posici\u00f3n. Sin embargo, el de Cruz Alta consigui\u00f3 contener el embate y sostenerse adelante.<\/p>\n\n\n\n<figure class=\"wp-block-image size-full is-resized\"><a href=\"https:\/\/i0.wp.com\/elterritorialweb.com.ar\/web\/wp-content\/uploads\/2023\/07\/Turismo-pista-C2.jpg\"><img data-recalc-dims=\"1\" decoding=\"async\" data-src=\"https:\/\/i0.wp.com\/elterritorialweb.com.ar\/web\/wp-content\/uploads\/2023\/07\/Turismo-pista-C2.jpg?resize=640%2C470\" alt=\"\" class=\"wp-image-55910 lazyload\" width=\"640\" height=\"470\" data-srcset=\"https:\/\/i0.wp.com\/elterritorialweb.com.ar\/web\/wp-content\/uploads\/2023\/07\/Turismo-pista-C2.jpg?w=510 510w, https:\/\/i0.wp.com\/elterritorialweb.com.ar\/web\/wp-content\/uploads\/2023\/07\/Turismo-pista-C2.jpg?resize=300%2C220 300w\" data-sizes=\"(max-width: 640px) 100vw, 640px\" src=\"data:image\/svg+xml;base64,PHN2ZyB3aWR0aD0iMSIgaGVpZ2h0PSIxIiB4bWxucz0iaHR0cDovL3d3dy53My5vcmcvMjAwMC9zdmciPjwvc3ZnPg==\" style=\"--smush-placeholder-width: 640px; --smush-placeholder-aspect-ratio: 640\/470;\" \/><\/a><\/figure>\n\n\n\n<p>M\u00e1s atr\u00e1s, Patricio \u00c1guila se tocaba con Mat\u00edas Barr\u00eda Igor y el representante de Puerto Natales termin\u00f3 a un costado de la pista. Por su parte, Leston tuvo problemas con su Volkswagen Up y perdi\u00f3 terreno. En tanto, Lucas Bayala remontaba de gran forma y se met\u00eda dentro del top diez luego de largar desde el fondo.<\/p>\n\n\n\n<p>Sobre la parte final, Bosio hizo una peque\u00f1a luz de ventaja y viajaba tranquilo en la punta, mientras que Mart\u00ednez, Etcheveste y Lantella peleaban de lleno por los puestos del podio. Carlos Morier sufri\u00f3 un despiste y qued\u00f3 fuera de competencia.<\/p>\n\n\n\n<p>Con solidez, Bosio sentenci\u00f3 a su favor la prueba de este domingo, seguido por Mart\u00ednez y Etcheveste. Lantella arrib\u00f3 en la cuarta colocaci\u00f3n, Costamagna fue quinto, Agust\u00edn Herrera sexto, Bayala s\u00e9ptimo, V\u00e1zquez octavo, Nicol\u00e1s Herrera noveno y Facundo R\u00edos d\u00e9cimo.<\/p>\n\n\n\n<p>En el certamen, el cordob\u00e9s es el nuevo puntero con 164 puntos, escoltado por Etcheveste con 160 y Lantella con 152.50 unidades. La s\u00e9ptima fecha de la Clase Dos del Turismo Pista ser\u00e1 el pr\u00f3ximo 20 de agosto en el aut\u00f3dromo de R\u00edo Cuarto.<\/p>\n\n\n\n<h3 class=\"wp-block-heading\">BRAIAN QUEVEDO Y UNA VICTORIA TRABAJADA EN LA CLASE TRES<\/h3>\n\n\n\n<p>Braian Quevedo y el Toyota Etios alistado por el Tigre Racing se llevaron la carrera de la Clase Tres del Turismo Pista en el aut\u00f3dromo de Termas de R\u00edo Hondo, escenario de la sexta fecha de la temporada. Franco Fauret y Mart\u00edn Chico completaron el podio.<\/p>\n\n\n\n<p>En el inicio de la prueba, Fauret domin\u00f3 en los primeros metros, pero Exequiel Bastidas ejecut\u00f3 una gran maniobra para superarlo y hacerse con la punta, mientras que Quevedo aprovech\u00f3 la estela del entrerriano para dar cuenta del cr\u00e9dito de Benito Ju\u00e1rez. Por su parte, Felipe Martini se acomodaba en la cuarta colocaci\u00f3n.<\/p>\n\n\n\n<p>En tanto, Marcelo Marchesse debi\u00f3 abandonar por la rotura del embrague, lo cual gener\u00f3 que se retrase la largada. Francisco Mart\u00ednez qued\u00f3 a un costado y Renzo Cerretti se refregaba para poder superar a Santiago Tambucci. Adelante, Martini salt\u00f3 al tercer lugar, pero luego cometi\u00f3 un exceso y cay\u00f3 al quinto puesto.<\/p>\n\n\n\n<p>Otro de los que se deten\u00eda era Junior Solmi y cuando transcurr\u00eda el tercer giro, el despiste de Favio Grinovero motiv\u00f3 el ingreso del Auto de Seguridad. La bandera verde apareci\u00f3 en la quinta vuelta y en los giros siguiente, Quevedo dio cuenta de Fauret para ser el nuevo escolta, mientras que Martini hac\u00eda abandono de la competencia, lo mismo que Juan Pablo Urrutia.<\/p>\n\n\n\n<p>La competencia segu\u00eda su curso y Chico lograba dejar atr\u00e1s a Luciano Gonz\u00e1lez para ser el nuevo cuarto. Sin embargo, en la novena vuelta, Federico Luques se golpe\u00f3 contra los neum\u00e1ticos y Mat\u00edas Clapier se deten\u00eda a un costado de la pista. En esa misma vuelta, Bastidas tuvo problemas con la palanca de la caja de cambio y debi\u00f3 ir a boxes, situaci\u00f3n que le dej\u00f3 servida la punta a Quevedo.<\/p>\n\n\n\n<figure class=\"wp-block-image size-large\"><a href=\"https:\/\/i0.wp.com\/elterritorialweb.com.ar\/web\/wp-content\/uploads\/2023\/07\/turismo-pista-C3.jpg\"><img data-recalc-dims=\"1\" decoding=\"async\" width=\"640\" height=\"263\" data-src=\"https:\/\/i0.wp.com\/elterritorialweb.com.ar\/web\/wp-content\/uploads\/2023\/07\/turismo-pista-C3.jpg?resize=640%2C263\" alt=\"\" class=\"wp-image-55911 lazyload\" data-srcset=\"https:\/\/i0.wp.com\/elterritorialweb.com.ar\/web\/wp-content\/uploads\/2023\/07\/turismo-pista-C3.jpg?resize=1024%2C420 1024w, https:\/\/i0.wp.com\/elterritorialweb.com.ar\/web\/wp-content\/uploads\/2023\/07\/turismo-pista-C3.jpg?resize=300%2C123 300w, https:\/\/i0.wp.com\/elterritorialweb.com.ar\/web\/wp-content\/uploads\/2023\/07\/turismo-pista-C3.jpg?resize=768%2C315 768w, https:\/\/i0.wp.com\/elterritorialweb.com.ar\/web\/wp-content\/uploads\/2023\/07\/turismo-pista-C3.jpg?w=1250 1250w\" data-sizes=\"(max-width: 640px) 100vw, 640px\" src=\"data:image\/svg+xml;base64,PHN2ZyB3aWR0aD0iMSIgaGVpZ2h0PSIxIiB4bWxucz0iaHR0cDovL3d3dy53My5vcmcvMjAwMC9zdmciPjwvc3ZnPg==\" style=\"--smush-placeholder-width: 640px; --smush-placeholder-aspect-ratio: 640\/263;\" \/><\/a><\/figure>\n\n\n\n<p>En tanto, Alejandro Mart\u00ednez se entrever\u00f3 en un roce con Maximiliano Dagatti despu\u00e9s de rozarse tambi\u00e9n con Gonzalo Alcaine, lo cual le vali\u00f3 la exclusi\u00f3n por reiteradas maniobras peligrosas. Adelante, Quevedo ten\u00eda la presi\u00f3n de Fauret en la lucha por la victoria y Chico se convert\u00eda en el nuevo tercero, Pugnaloni era cuarto y Cerretti marchaba quinto.<\/p>\n\n\n\n<p>Con un problema en la caja de velocidades, Queved\u00f3 aguant\u00f3 la \u00faltima vuelta y consum\u00f3 su primera victoria dentro de la divisional mayor del Turismo Pista. Fauret y Chico completaron los puestos del podio, mientras que Cerretti y Pugnaloni culminaron dentro del top cinco.<\/p>\n\n\n\n<p>Luego arribaron Mauro Salvi, Gonz\u00e1lez, Juan Benedetti, Tom\u00e1s Mart\u00edn y Juan Aranega.<\/p>\n\n\n\n<p>En el campeonato, Chico se afirma como l\u00edder con 188 puntos, secundado por Bastidas con 146 y Quevedo con 139 unidades. La s\u00e9ptima fecha de la Clase Tres del Turismo Pista ser\u00e1 el pr\u00f3ximo 20 de agosto en el aut\u00f3dromo de R\u00edo Cuarto.<\/p>\n","protected":false},"excerpt":{"rendered":"<p>Las Termas de R\u00edo Hondo vibr\u00f3 este domingo con la sexta fecha del Turismo Pista en el Aut\u00f3dromo Internacional.<\/p>\n","protected":false},"author":2,"featured_media":55912,"comment_status":"open","ping_status":"open","sticky":false,"template":"","format":"standard","meta":{"om_disable_all_campaigns":false,"_monsterinsights_skip_tracking":false,"_monsterinsights_sitenote_active":false,"_monsterinsights_sitenote_note":"","_monsterinsights_sitenote_category":0,"_uf_show_specific_survey":0,"_uf_disable_surveys":false,"jetpack_post_was_ever_published":false,"_jetpack_newsletter_access":"","_jetpack_dont_email_post_to_subs":false,"_jetpack_newsletter_tier_id":0,"_jetpack_memberships_contains_paywalled_content":false,"_jetpack_memberships_contains_paid_content":false,"footnotes":"","jetpack_publicize_message":"","jetpack_publicize_feature_enabled":true,"jetpack_social_post_already_shared":false,"jetpack_social_options":{"image_generator_settings":{"template":"highway","default_image_id":0,"font":"","enabled":false},"version":2}},"categories":[6,4],"tags":[42,502],"class_list":["post-55908","post","type-post","status-publish","format-standard","has-post-thumbnail","hentry","category-deportes","category-destacadas","tag-termas-de-rio-hondo","tag-turismo-pista"],"aioseo_notices":[],"views":8,"jetpack_publicize_connections":[],"jetpack_featured_media_url":"https:\/\/i0.wp.com\/elterritorialweb.com.ar\/web\/wp-content\/uploads\/2023\/07\/WhatsApp-Image-2023-07-23-at-15.50.20.jpeg?fit=1280%2C853","jetpack_sharing_enabled":true,"_links":{"self":[{"href":"http:\/\/elterritorialweb.com.ar\/web\/wp-json\/wp\/v2\/posts\/55908","targetHints":{"allow":["GET"]}}],"collection":[{"href":"http:\/\/elterritorialweb.com.ar\/web\/wp-json\/wp\/v2\/posts"}],"about":[{"href":"http:\/\/elterritorialweb.com.ar\/web\/wp-json\/wp\/v2\/types\/post"}],"author":[{"embeddable":true,"href":"http:\/\/elterritorialweb.com.ar\/web\/wp-json\/wp\/v2\/users\/2"}],"replies":[{"embeddable":true,"href":"http:\/\/elterritorialweb.com.ar\/web\/wp-json\/wp\/v2\/comments?post=55908"}],"version-history":[{"count":1,"href":"http:\/\/elterritorialweb.com.ar\/web\/wp-json\/wp\/v2\/posts\/55908\/revisions"}],"predecessor-version":[{"id":55913,"href":"http:\/\/elterritorialweb.com.ar\/web\/wp-json\/wp\/v2\/posts\/55908\/revisions\/55913"}],"wp:featuredmedia":[{"embeddable":true,"href":"http:\/\/elterritorialweb.com.ar\/web\/wp-json\/wp\/v2\/media\/55912"}],"wp:attachment":[{"href":"http:\/\/elterritorialweb.com.ar\/web\/wp-json\/wp\/v2\/media?parent=55908"}],"wp:term":[{"taxonomy":"category","embeddable":true,"href":"http:\/\/elterritorialweb.com.ar\/web\/wp-json\/wp\/v2\/categories?post=55908"},{"taxonomy":"post_tag","embeddable":true,"href":"http:\/\/elterritorialweb.com.ar\/web\/wp-json\/wp\/v2\/tags?post=55908"}],"curies":[{"name":"wp","href":"https:\/\/api.w.org\/{rel}","templated":true}]}}