{"id":55914,"date":"2023-07-24T01:27:31","date_gmt":"2023-07-24T01:27:31","guid":{"rendered":"http:\/\/elterritorialweb.com.ar\/web\/?p=55914"},"modified":"2023-07-24T01:27:44","modified_gmt":"2023-07-24T01:27:44","slug":"otra-dura-derrota-de-mitre-ante-chacarita-en-el-ocho","status":"publish","type":"post","link":"http:\/\/elterritorialweb.com.ar\/web\/otra-dura-derrota-de-mitre-ante-chacarita-en-el-ocho\/","title":{"rendered":"OTRA DURA DERROTA DE MITRE ANTE CHACARITA EN EL OCHO"},"content":{"rendered":"\n<p><strong>Mitre&nbsp;<\/strong>sufri\u00f3 una nueva derrota ante&nbsp;<strong>Chacarita&nbsp;<\/strong>esta tarde en su estadio y sigue de capa ca\u00edda.<\/p>\n\n\n\n<p>El\u00a0<strong>Aurinegro<\/strong>, que necesitaba ganar para recuperarse y volver a la zona de\u00a0<strong>Reducido<\/strong>, perdi\u00f3 por 1-0 en el marco de la fecha 23 dela\u00a0<strong>Zona B de la Primera Nacional.<\/strong><\/p>\n\n\n\n<p>El&nbsp;<strong>Funebrero&nbsp;<\/strong>demostr\u00f3 en el 8 de abril porqu\u00e9 es uno de los animadores del torneo y se puso en ventaja r\u00e1pidamente con el gol de&nbsp;<strong>Juan Cruz Gonz\u00e1lez&nbsp;<\/strong>a los 7 minutos de juego.<\/p>\n\n\n\n<figure class=\"wp-block-image size-large\"><a href=\"https:\/\/i0.wp.com\/elterritorialweb.com.ar\/web\/wp-content\/uploads\/2023\/07\/WhatsApp-Image-2023-07-23-at-17.33.32-e1690161629127.jpeg\"><img data-recalc-dims=\"1\" decoding=\"async\" width=\"640\" height=\"406\" data-src=\"https:\/\/i0.wp.com\/elterritorialweb.com.ar\/web\/wp-content\/uploads\/2023\/07\/WhatsApp-Image-2023-07-23-at-17.33.32-e1690161629127-1024x649.jpeg?resize=640%2C406\" alt=\"\" class=\"wp-image-55915 lazyload\" data-srcset=\"https:\/\/i0.wp.com\/elterritorialweb.com.ar\/web\/wp-content\/uploads\/2023\/07\/WhatsApp-Image-2023-07-23-at-17.33.32-e1690161629127.jpeg?resize=1024%2C649 1024w, https:\/\/i0.wp.com\/elterritorialweb.com.ar\/web\/wp-content\/uploads\/2023\/07\/WhatsApp-Image-2023-07-23-at-17.33.32-e1690161629127.jpeg?resize=300%2C190 300w, https:\/\/i0.wp.com\/elterritorialweb.com.ar\/web\/wp-content\/uploads\/2023\/07\/WhatsApp-Image-2023-07-23-at-17.33.32-e1690161629127.jpeg?resize=768%2C487 768w, https:\/\/i0.wp.com\/elterritorialweb.com.ar\/web\/wp-content\/uploads\/2023\/07\/WhatsApp-Image-2023-07-23-at-17.33.32-e1690161629127.jpeg?w=1387 1387w, https:\/\/i0.wp.com\/elterritorialweb.com.ar\/web\/wp-content\/uploads\/2023\/07\/WhatsApp-Image-2023-07-23-at-17.33.32-e1690161629127.jpeg?w=1280 1280w\" data-sizes=\"(max-width: 640px) 100vw, 640px\" src=\"data:image\/svg+xml;base64,PHN2ZyB3aWR0aD0iMSIgaGVpZ2h0PSIxIiB4bWxucz0iaHR0cDovL3d3dy53My5vcmcvMjAwMC9zdmciPjwvc3ZnPg==\" style=\"--smush-placeholder-width: 640px; --smush-placeholder-aspect-ratio: 640\/406;\" \/><\/a><\/figure>\n\n\n\n<p>Sin embargo,\u00a0<strong>Mitre\u00a0<\/strong>reaccion\u00f3 y lleg\u00f3 al empate a trav\u00e9s de\u00a0<strong>Facundo Ju\u00e1rez<\/strong>\u00a0sobre el minuto 33.<\/p>\n\n\n\n<p>Pero en el complemento,&nbsp;<strong>Chacarita&nbsp;<\/strong>volvi\u00f3 a adelantarse en el marcador con una muy buena definici\u00f3n cruzada de<strong>&nbsp;Luciano Gonz\u00e1lez<\/strong>, quien a los 27 minutos sentenci\u00f3 la historia.<\/p>\n\n\n\n<p><strong>Mitre\u00a0<\/strong>busc\u00f3 con m\u00e1s ganas que f\u00fatbol en los minutos finales, pero no pudo ante un elenco funebrero que se aferr\u00f3 a la ventaja para llevarse tres puntos de oro de\u00a0<strong>Santiago del Estero.<\/strong><\/p>\n\n\n\n<figure class=\"wp-block-image size-large\"><a href=\"https:\/\/i0.wp.com\/elterritorialweb.com.ar\/web\/wp-content\/uploads\/2023\/07\/WhatsApp-Image-2023-07-23-at-17.33.34-1-e1690161370452.jpeg\"><img data-recalc-dims=\"1\" decoding=\"async\" width=\"640\" height=\"296\" data-src=\"https:\/\/i0.wp.com\/elterritorialweb.com.ar\/web\/wp-content\/uploads\/2023\/07\/WhatsApp-Image-2023-07-23-at-17.33.34-1-e1690161370452-1024x473.jpeg?resize=640%2C296\" alt=\"\" class=\"wp-image-55917 lazyload\" data-srcset=\"https:\/\/i0.wp.com\/elterritorialweb.com.ar\/web\/wp-content\/uploads\/2023\/07\/WhatsApp-Image-2023-07-23-at-17.33.34-1-e1690161370452.jpeg?resize=1024%2C473 1024w, https:\/\/i0.wp.com\/elterritorialweb.com.ar\/web\/wp-content\/uploads\/2023\/07\/WhatsApp-Image-2023-07-23-at-17.33.34-1-e1690161370452.jpeg?resize=300%2C139 300w, https:\/\/i0.wp.com\/elterritorialweb.com.ar\/web\/wp-content\/uploads\/2023\/07\/WhatsApp-Image-2023-07-23-at-17.33.34-1-e1690161370452.jpeg?resize=768%2C355 768w, https:\/\/i0.wp.com\/elterritorialweb.com.ar\/web\/wp-content\/uploads\/2023\/07\/WhatsApp-Image-2023-07-23-at-17.33.34-1-e1690161370452.jpeg?resize=1536%2C710 1536w, https:\/\/i0.wp.com\/elterritorialweb.com.ar\/web\/wp-content\/uploads\/2023\/07\/WhatsApp-Image-2023-07-23-at-17.33.34-1-e1690161370452.jpeg?w=1599 1599w, https:\/\/i0.wp.com\/elterritorialweb.com.ar\/web\/wp-content\/uploads\/2023\/07\/WhatsApp-Image-2023-07-23-at-17.33.34-1-e1690161370452.jpeg?w=1280 1280w\" data-sizes=\"(max-width: 640px) 100vw, 640px\" src=\"data:image\/svg+xml;base64,PHN2ZyB3aWR0aD0iMSIgaGVpZ2h0PSIxIiB4bWxucz0iaHR0cDovL3d3dy53My5vcmcvMjAwMC9zdmciPjwvc3ZnPg==\" style=\"--smush-placeholder-width: 640px; --smush-placeholder-aspect-ratio: 640\/296;\" \/><\/a><\/figure>\n\n\n\n<p>La derrota acentu\u00f3 el mal momento de&nbsp;<strong>Mitre<\/strong>, ya que se transforma en el tercer traspi\u00e9 seguido, luego de las ca\u00eddas ante&nbsp;<strong>Chaco For Ever y Aldosivi.<\/strong><\/p>\n\n\n\n<p>En la pr\u00f3xima fecha,<strong>&nbsp;el Aurinegro visitar\u00e1 a Trist\u00e1n Su\u00e1rez.<\/strong><\/p>\n","protected":false},"excerpt":{"rendered":"<p>El Aurinegro perdi\u00f3 por 2-1 como local y sufri\u00f3 su tercera ca\u00edda consecutiva en la Primera Nacional.<\/p>\n","protected":false},"author":2,"featured_media":55915,"comment_status":"open","ping_status":"open","sticky":false,"template":"","format":"standard","meta":{"om_disable_all_campaigns":false,"_monsterinsights_skip_tracking":false,"_monsterinsights_sitenote_active":false,"_monsterinsights_sitenote_note":"","_monsterinsights_sitenote_category":0,"_uf_show_specific_survey":0,"_uf_disable_surveys":false,"jetpack_post_was_ever_published":false,"_jetpack_newsletter_access":"","_jetpack_dont_email_post_to_subs":false,"_jetpack_newsletter_tier_id":0,"_jetpack_memberships_contains_paywalled_content":false,"_jetpack_memberships_contains_paid_content":false,"footnotes":"","jetpack_publicize_message":"","jetpack_publicize_feature_enabled":true,"jetpack_social_post_already_shared":false,"jetpack_social_options":{"image_generator_settings":{"template":"highway","default_image_id":0,"font":"","enabled":false},"version":2}},"categories":[6,4],"tags":[503,102,94],"class_list":["post-55914","post","type-post","status-publish","format-standard","has-post-thumbnail","hentry","category-deportes","category-destacadas","tag-chacarita-juniors","tag-club-atletico-mitre","tag-primera-nacional"],"aioseo_notices":[],"views":10,"jetpack_publicize_connections":[],"jetpack_featured_media_url":"https:\/\/i0.wp.com\/elterritorialweb.com.ar\/web\/wp-content\/uploads\/2023\/07\/WhatsApp-Image-2023-07-23-at-17.33.32-e1690161629127.jpeg?fit=1387%2C879","jetpack_sharing_enabled":true,"_links":{"self":[{"href":"http:\/\/elterritorialweb.com.ar\/web\/wp-json\/wp\/v2\/posts\/55914","targetHints":{"allow":["GET"]}}],"collection":[{"href":"http:\/\/elterritorialweb.com.ar\/web\/wp-json\/wp\/v2\/posts"}],"about":[{"href":"http:\/\/elterritorialweb.com.ar\/web\/wp-json\/wp\/v2\/types\/post"}],"author":[{"embeddable":true,"href":"http:\/\/elterritorialweb.com.ar\/web\/wp-json\/wp\/v2\/users\/2"}],"replies":[{"embeddable":true,"href":"http:\/\/elterritorialweb.com.ar\/web\/wp-json\/wp\/v2\/comments?post=55914"}],"version-history":[{"count":1,"href":"http:\/\/elterritorialweb.com.ar\/web\/wp-json\/wp\/v2\/posts\/55914\/revisions"}],"predecessor-version":[{"id":55919,"href":"http:\/\/elterritorialweb.com.ar\/web\/wp-json\/wp\/v2\/posts\/55914\/revisions\/55919"}],"wp:featuredmedia":[{"embeddable":true,"href":"http:\/\/elterritorialweb.com.ar\/web\/wp-json\/wp\/v2\/media\/55915"}],"wp:attachment":[{"href":"http:\/\/elterritorialweb.com.ar\/web\/wp-json\/wp\/v2\/media?parent=55914"}],"wp:term":[{"taxonomy":"category","embeddable":true,"href":"http:\/\/elterritorialweb.com.ar\/web\/wp-json\/wp\/v2\/categories?post=55914"},{"taxonomy":"post_tag","embeddable":true,"href":"http:\/\/elterritorialweb.com.ar\/web\/wp-json\/wp\/v2\/tags?post=55914"}],"curies":[{"name":"wp","href":"https:\/\/api.w.org\/{rel}","templated":true}]}}