{"id":55920,"date":"2023-07-24T01:42:36","date_gmt":"2023-07-24T01:42:36","guid":{"rendered":"http:\/\/elterritorialweb.com.ar\/web\/?p=55920"},"modified":"2023-07-24T01:42:38","modified_gmt":"2023-07-24T01:42:38","slug":"prorrogan-hasta-el-30-de-julio-la-feria-artesanal-2023","status":"publish","type":"post","link":"http:\/\/elterritorialweb.com.ar\/web\/prorrogan-hasta-el-30-de-julio-la-feria-artesanal-2023\/","title":{"rendered":"PRORROGAN HASTA EL 30 DE JULIO LA FERIA ARTESANAL 2023"},"content":{"rendered":"\n<p>La tradicional feria, ubicada en el predio de Changolandia en el parque Aguirre, se inici\u00f3 el viernes 7 de julio en el marco del mes por los 470 a\u00f1os de Madre de Ciudades.<\/p>\n\n\n\n<p>La nota fue dirigida a la intendente, Ing. Norma Fuentes, con la firma de quienes participan en los 500 stands disponibles este a\u00f1o y del sector gastron\u00f3mico ya que \u201cla feria representa un evento de gran relevancia cultural, adem\u00e1s es una oportunidad para nuestra actividad ante la enorme concurrencia que viene recibiendo el evento\u201d.<\/p>\n","protected":false},"excerpt":{"rendered":"<p>Por pedidos de los artesanos y emprendedores que forman parte de la Feria Artesanal 2023, la Municipalidad de la Capital decidi\u00f3 prorrogar este espacio hasta el pr\u00f3ximo domingo, que adem\u00e1s cuenta con una amplia convocatoria de p\u00fablico.<\/p>\n","protected":false},"author":2,"featured_media":55921,"comment_status":"open","ping_status":"open","sticky":false,"template":"","format":"standard","meta":{"om_disable_all_campaigns":false,"_monsterinsights_skip_tracking":false,"_monsterinsights_sitenote_active":false,"_monsterinsights_sitenote_note":"","_monsterinsights_sitenote_category":0,"_uf_show_specific_survey":0,"_uf_disable_surveys":false,"jetpack_post_was_ever_published":false,"_jetpack_newsletter_access":"","_jetpack_dont_email_post_to_subs":false,"_jetpack_newsletter_tier_id":0,"_jetpack_memberships_contains_paywalled_content":false,"_jetpack_memberships_contains_paid_content":false,"footnotes":"","jetpack_publicize_message":"","jetpack_publicize_feature_enabled":true,"jetpack_social_post_already_shared":false,"jetpack_social_options":{"image_generator_settings":{"template":"highway","default_image_id":0,"font":"","enabled":false},"version":2}},"categories":[4,21],"tags":[384,435],"class_list":["post-55920","post","type-post","status-publish","format-standard","has-post-thumbnail","hentry","category-destacadas","category-locales","tag-470-aniversario-de-santiago-del-estero","tag-feria-artesanal"],"aioseo_notices":[],"views":17,"jetpack_publicize_connections":[],"jetpack_featured_media_url":"https:\/\/i0.wp.com\/elterritorialweb.com.ar\/web\/wp-content\/uploads\/2023\/07\/feria-prorroga.jpeg?fit=1280%2C728","jetpack_sharing_enabled":true,"_links":{"self":[{"href":"http:\/\/elterritorialweb.com.ar\/web\/wp-json\/wp\/v2\/posts\/55920","targetHints":{"allow":["GET"]}}],"collection":[{"href":"http:\/\/elterritorialweb.com.ar\/web\/wp-json\/wp\/v2\/posts"}],"about":[{"href":"http:\/\/elterritorialweb.com.ar\/web\/wp-json\/wp\/v2\/types\/post"}],"author":[{"embeddable":true,"href":"http:\/\/elterritorialweb.com.ar\/web\/wp-json\/wp\/v2\/users\/2"}],"replies":[{"embeddable":true,"href":"http:\/\/elterritorialweb.com.ar\/web\/wp-json\/wp\/v2\/comments?post=55920"}],"version-history":[{"count":1,"href":"http:\/\/elterritorialweb.com.ar\/web\/wp-json\/wp\/v2\/posts\/55920\/revisions"}],"predecessor-version":[{"id":55922,"href":"http:\/\/elterritorialweb.com.ar\/web\/wp-json\/wp\/v2\/posts\/55920\/revisions\/55922"}],"wp:featuredmedia":[{"embeddable":true,"href":"http:\/\/elterritorialweb.com.ar\/web\/wp-json\/wp\/v2\/media\/55921"}],"wp:attachment":[{"href":"http:\/\/elterritorialweb.com.ar\/web\/wp-json\/wp\/v2\/media?parent=55920"}],"wp:term":[{"taxonomy":"category","embeddable":true,"href":"http:\/\/elterritorialweb.com.ar\/web\/wp-json\/wp\/v2\/categories?post=55920"},{"taxonomy":"post_tag","embeddable":true,"href":"http:\/\/elterritorialweb.com.ar\/web\/wp-json\/wp\/v2\/tags?post=55920"}],"curies":[{"name":"wp","href":"https:\/\/api.w.org\/{rel}","templated":true}]}}