{"id":55926,"date":"2023-07-24T02:06:09","date_gmt":"2023-07-24T02:06:09","guid":{"rendered":"http:\/\/elterritorialweb.com.ar\/web\/?p=55926"},"modified":"2023-07-24T02:06:12","modified_gmt":"2023-07-24T02:06:12","slug":"el-municipio-bandeno-realizo-cambio-de-luminarias-en-la-plaza-del-central-argentino-ampliacion","status":"publish","type":"post","link":"http:\/\/elterritorialweb.com.ar\/web\/el-municipio-bandeno-realizo-cambio-de-luminarias-en-la-plaza-del-central-argentino-ampliacion\/","title":{"rendered":"EL MUNICIPIO BANDE\u00d1O REALIZ\u00d3 CAMBIO DE LUMINARIAS EN LA PLAZA DEL CENTRAL ARGENTINO AMPLIACI\u00d3N"},"content":{"rendered":"\n<p>Durante su visita, el intendente expres\u00f3 su agradecimiento a la Junta Vecinal del Barrio Central Argentino por su colaboraci\u00f3n y constante comunicaci\u00f3n con las autoridades municipales. Destac\u00f3 la importancia del trabajo en conjunto entre el municipio y las juntas vecinales para mejorar la calidad de vida de los ciudadanos.<br>La Junta Vecinal hab\u00eda solicitado la reposici\u00f3n de l\u00e1mparas y la reconversi\u00f3n lum\u00ednica en la plaza, y el municipio respondi\u00f3 a esta demanda para brindar una iluminaci\u00f3n m\u00e1s eficiente y segura en el lugar. Adem\u00e1s, se comprometieron a trabajar en otras necesidades del barrio, como la iluminaci\u00f3n de una cancha de f\u00fatbol 5 y la poda de \u00e1rboles para mejorar la visibilidad y la est\u00e9tica.<br>Durante la visita, tambi\u00e9n se habl\u00f3 sobre la importancia del compromiso de los vecinos en el cuidado de los espacios p\u00fablicos y el respeto por el ambiente. El intendente enfatiz\u00f3 que la colaboraci\u00f3n y participaci\u00f3n de los vecinos es fundamentales para mantener limpios y en buen estado los lugares de recreaci\u00f3n y esparcimiento.<br>Asimismo, el jefe comunal se comprometi\u00f3 a la reparaci\u00f3n de los juegos infantiles en la plaza, para que los ni\u00f1os del barrio puedan disfrutar de ellos durante las vacaciones.<br>En este sentido, la visita del intendente a la plaza del barrio Central Argentino Ampliaci\u00f3n reflej\u00f3 el compromiso del municipio en trabajar en conjunto con la comunidad para mejorar la infraestructura y los espacios p\u00fablicos de la ciudad, buscando el beneficio y el bienestar de todos los ciudadanos.<\/p>\n","protected":false},"excerpt":{"rendered":"<p>El intendente de la ciudad de La Banda, Roger Nediani visit\u00f3 la plaza del barrio Central Argentino Ampliaci\u00f3n, donde el equipo municipal llev\u00f3 a cabo la reconversi\u00f3n lum\u00ednica, reemplazando las antiguas luminarias por l\u00e1mparas LED m\u00e1s eficientes y modernas.<\/p>\n","protected":false},"author":2,"featured_media":55927,"comment_status":"open","ping_status":"open","sticky":false,"template":"","format":"standard","meta":{"om_disable_all_campaigns":false,"_monsterinsights_skip_tracking":false,"_monsterinsights_sitenote_active":false,"_monsterinsights_sitenote_note":"","_monsterinsights_sitenote_category":0,"_uf_show_specific_survey":0,"_uf_disable_surveys":false,"jetpack_post_was_ever_published":false,"_jetpack_newsletter_access":"","_jetpack_dont_email_post_to_subs":false,"_jetpack_newsletter_tier_id":0,"_jetpack_memberships_contains_paywalled_content":false,"_jetpack_memberships_contains_paid_content":false,"footnotes":"","jetpack_publicize_message":"","jetpack_publicize_feature_enabled":true,"jetpack_social_post_already_shared":false,"jetpack_social_options":{"image_generator_settings":{"template":"highway","default_image_id":0,"font":"","enabled":false},"version":2}},"categories":[9],"tags":[505,71],"class_list":["post-55926","post","type-post","status-publish","format-standard","has-post-thumbnail","hentry","category-banda","tag-luminarias","tag-municipalidad-de-la-banda"],"aioseo_notices":[],"views":14,"jetpack_publicize_connections":[],"jetpack_featured_media_url":"https:\/\/i0.wp.com\/elterritorialweb.com.ar\/web\/wp-content\/uploads\/2023\/07\/WhatsApp-Image-2023-07-23-at-12.53.47.jpeg?fit=1280%2C851","jetpack_sharing_enabled":true,"_links":{"self":[{"href":"http:\/\/elterritorialweb.com.ar\/web\/wp-json\/wp\/v2\/posts\/55926","targetHints":{"allow":["GET"]}}],"collection":[{"href":"http:\/\/elterritorialweb.com.ar\/web\/wp-json\/wp\/v2\/posts"}],"about":[{"href":"http:\/\/elterritorialweb.com.ar\/web\/wp-json\/wp\/v2\/types\/post"}],"author":[{"embeddable":true,"href":"http:\/\/elterritorialweb.com.ar\/web\/wp-json\/wp\/v2\/users\/2"}],"replies":[{"embeddable":true,"href":"http:\/\/elterritorialweb.com.ar\/web\/wp-json\/wp\/v2\/comments?post=55926"}],"version-history":[{"count":1,"href":"http:\/\/elterritorialweb.com.ar\/web\/wp-json\/wp\/v2\/posts\/55926\/revisions"}],"predecessor-version":[{"id":55928,"href":"http:\/\/elterritorialweb.com.ar\/web\/wp-json\/wp\/v2\/posts\/55926\/revisions\/55928"}],"wp:featuredmedia":[{"embeddable":true,"href":"http:\/\/elterritorialweb.com.ar\/web\/wp-json\/wp\/v2\/media\/55927"}],"wp:attachment":[{"href":"http:\/\/elterritorialweb.com.ar\/web\/wp-json\/wp\/v2\/media?parent=55926"}],"wp:term":[{"taxonomy":"category","embeddable":true,"href":"http:\/\/elterritorialweb.com.ar\/web\/wp-json\/wp\/v2\/categories?post=55926"},{"taxonomy":"post_tag","embeddable":true,"href":"http:\/\/elterritorialweb.com.ar\/web\/wp-json\/wp\/v2\/tags?post=55926"}],"curies":[{"name":"wp","href":"https:\/\/api.w.org\/{rel}","templated":true}]}}