{"id":55929,"date":"2023-07-24T02:16:19","date_gmt":"2023-07-24T02:16:19","guid":{"rendered":"http:\/\/elterritorialweb.com.ar\/web\/?p=55929"},"modified":"2023-07-24T02:20:35","modified_gmt":"2023-07-24T02:20:35","slug":"se-realizo-con-exito-el-festival-del-dia-del-amigo-en-el-patinodromo","status":"publish","type":"post","link":"http:\/\/elterritorialweb.com.ar\/web\/se-realizo-con-exito-el-festival-del-dia-del-amigo-en-el-patinodromo\/","title":{"rendered":"SE REALIZ\u00d3 CON \u00c9XITO EL FESTIVAL DEL \u00abD\u00cdA DEL AMIGO\u00bb EN EL PATIN\u00d3DROMO"},"content":{"rendered":"\n<p>En dicho evento, la secretaria de Gobierno, Victoria Torres estuvo acompa\u00f1ada por el director de la Juventud, Delfor Gerez; la secretaria de Comunicaci\u00f3n, Fernanda Raschi; el director de Educaci\u00f3n, Facundo Far\u00edas; el vocal del Tribunal de Cuentas, Diego Ju\u00e1rez.<br>En esta oportunidad, los j\u00f3venes bande\u00f1os pudieron disfrutar de sorteos como as\u00ed tambi\u00e9n de la participaci\u00f3n del Dj Fer Leal, Dj Carlix, Dj Agus Gala Mix, Dj residente Alexis Ovejero y de la presencia en vivo de dos grandes bandas populares JL y los buenos del cuarteto, con el gran cierre de Los Guarachoguers.<\/p>\n\n\n\n<figure class=\"wp-block-image size-large\"><a href=\"https:\/\/i0.wp.com\/elterritorialweb.com.ar\/web\/wp-content\/uploads\/2023\/07\/WhatsApp-Image-2023-07-23-at-12.53.50.jpeg\"><img data-recalc-dims=\"1\" decoding=\"async\" width=\"640\" height=\"423\" data-src=\"https:\/\/i0.wp.com\/elterritorialweb.com.ar\/web\/wp-content\/uploads\/2023\/07\/WhatsApp-Image-2023-07-23-at-12.53.50.jpeg?resize=640%2C423\" alt=\"\" class=\"wp-image-55933 lazyload\" data-srcset=\"https:\/\/i0.wp.com\/elterritorialweb.com.ar\/web\/wp-content\/uploads\/2023\/07\/WhatsApp-Image-2023-07-23-at-12.53.50.jpeg?resize=1024%2C677 1024w, https:\/\/i0.wp.com\/elterritorialweb.com.ar\/web\/wp-content\/uploads\/2023\/07\/WhatsApp-Image-2023-07-23-at-12.53.50.jpeg?resize=300%2C198 300w, https:\/\/i0.wp.com\/elterritorialweb.com.ar\/web\/wp-content\/uploads\/2023\/07\/WhatsApp-Image-2023-07-23-at-12.53.50.jpeg?resize=768%2C508 768w, https:\/\/i0.wp.com\/elterritorialweb.com.ar\/web\/wp-content\/uploads\/2023\/07\/WhatsApp-Image-2023-07-23-at-12.53.50.jpeg?w=1380 1380w, https:\/\/i0.wp.com\/elterritorialweb.com.ar\/web\/wp-content\/uploads\/2023\/07\/WhatsApp-Image-2023-07-23-at-12.53.50.jpeg?w=1280 1280w\" data-sizes=\"(max-width: 640px) 100vw, 640px\" src=\"data:image\/svg+xml;base64,PHN2ZyB3aWR0aD0iMSIgaGVpZ2h0PSIxIiB4bWxucz0iaHR0cDovL3d3dy53My5vcmcvMjAwMC9zdmciPjwvc3ZnPg==\" style=\"--smush-placeholder-width: 640px; --smush-placeholder-aspect-ratio: 640\/423;\" \/><\/a><\/figure>\n\n\n\n<p><br>Para finalizar, la secretaria de Gobierno, Victoria Torres destac\u00f3: \u201cEstamos muy contentos de poder llevar a cabo este evento, principalmente agradecer al intendente Roger Nediani por hacer posible dicha fiesta y tambi\u00e9n destacar el acompa\u00f1amiento y el apoyo constante de las diferentes \u00e1reas del municipio para que los j\u00f3venes bande\u00f1os disfruten un momento agradable junto a sus amigos\u201d.<\/p>\n","protected":false},"excerpt":{"rendered":"<p>La direcci\u00f3n de la juventud dependiente de la Secretaria de Gobierno de la Municipalidad de La Banda desarroll\u00f3 con \u00e9xito el festival del \u201cD\u00eda del Amigo\u201d, el pasado s\u00e1bado en el Patin\u00f3dromo municipal.<\/p>\n","protected":false},"author":2,"featured_media":55930,"comment_status":"open","ping_status":"open","sticky":false,"template":"","format":"standard","meta":{"om_disable_all_campaigns":false,"_monsterinsights_skip_tracking":false,"_monsterinsights_sitenote_active":false,"_monsterinsights_sitenote_note":"","_monsterinsights_sitenote_category":0,"_uf_show_specific_survey":0,"_uf_disable_surveys":false,"jetpack_post_was_ever_published":false,"_jetpack_newsletter_access":"","_jetpack_dont_email_post_to_subs":false,"_jetpack_newsletter_tier_id":0,"_jetpack_memberships_contains_paywalled_content":false,"_jetpack_memberships_contains_paid_content":false,"footnotes":"","jetpack_publicize_message":"","jetpack_publicize_feature_enabled":true,"jetpack_social_post_already_shared":false,"jetpack_social_options":{"image_generator_settings":{"template":"highway","default_image_id":0,"font":"","enabled":false},"version":2}},"categories":[9],"tags":[506,71,507],"class_list":["post-55929","post","type-post","status-publish","format-standard","has-post-thumbnail","hentry","category-banda","tag-festival-dia-del-amigo","tag-municipalidad-de-la-banda","tag-patinodromo"],"aioseo_notices":[],"views":11,"jetpack_publicize_connections":[],"jetpack_featured_media_url":"https:\/\/i0.wp.com\/elterritorialweb.com.ar\/web\/wp-content\/uploads\/2023\/07\/WhatsApp-Image-2023-07-23-at-12.53.48.jpeg?fit=1380%2C912","jetpack_sharing_enabled":true,"_links":{"self":[{"href":"http:\/\/elterritorialweb.com.ar\/web\/wp-json\/wp\/v2\/posts\/55929","targetHints":{"allow":["GET"]}}],"collection":[{"href":"http:\/\/elterritorialweb.com.ar\/web\/wp-json\/wp\/v2\/posts"}],"about":[{"href":"http:\/\/elterritorialweb.com.ar\/web\/wp-json\/wp\/v2\/types\/post"}],"author":[{"embeddable":true,"href":"http:\/\/elterritorialweb.com.ar\/web\/wp-json\/wp\/v2\/users\/2"}],"replies":[{"embeddable":true,"href":"http:\/\/elterritorialweb.com.ar\/web\/wp-json\/wp\/v2\/comments?post=55929"}],"version-history":[{"count":2,"href":"http:\/\/elterritorialweb.com.ar\/web\/wp-json\/wp\/v2\/posts\/55929\/revisions"}],"predecessor-version":[{"id":55934,"href":"http:\/\/elterritorialweb.com.ar\/web\/wp-json\/wp\/v2\/posts\/55929\/revisions\/55934"}],"wp:featuredmedia":[{"embeddable":true,"href":"http:\/\/elterritorialweb.com.ar\/web\/wp-json\/wp\/v2\/media\/55930"}],"wp:attachment":[{"href":"http:\/\/elterritorialweb.com.ar\/web\/wp-json\/wp\/v2\/media?parent=55929"}],"wp:term":[{"taxonomy":"category","embeddable":true,"href":"http:\/\/elterritorialweb.com.ar\/web\/wp-json\/wp\/v2\/categories?post=55929"},{"taxonomy":"post_tag","embeddable":true,"href":"http:\/\/elterritorialweb.com.ar\/web\/wp-json\/wp\/v2\/tags?post=55929"}],"curies":[{"name":"wp","href":"https:\/\/api.w.org\/{rel}","templated":true}]}}