{"id":59644,"date":"2023-10-22T22:12:02","date_gmt":"2023-10-22T22:12:02","guid":{"rendered":"http:\/\/elterritorialweb.com.ar\/web\/?p=59644"},"modified":"2023-10-22T22:22:42","modified_gmt":"2023-10-22T22:22:42","slug":"morales-hoy-es-una-jornada-democratica-hitorica-para-la-argentina","status":"publish","type":"post","link":"http:\/\/elterritorialweb.com.ar\/web\/morales-hoy-es-una-jornada-democratica-hitorica-para-la-argentina\/","title":{"rendered":"MORALES: \u00abHOY ES UNA JORNADA DEMOCRATICA HIT\u00d3RICA PARA LA ARGENTINA\u00bb"},"content":{"rendered":"\n<p>Luego de cumplir con el tr\u00e1mite electoral destac\u00f3: <em>\u00abHoy es una jornada democr\u00e1tica hist\u00f3rica para el Argentina. Creo que todos los ciudadanos estamos con mucha expectativas y con mucha esperanza. Estamos convencidos de que la democracia es lo que nosotros necesitamos para poder vivir, crecer y progresar\u00bb.<\/em><br><em>\u00abSi bien es temprano y est\u00e1 muy caluroso vemos que la gente se esta acercando a votar a los establecimientos escolares. Tambi\u00e9n tenemos la informaci\u00f3n que la mayoria de las mesas fueron habilitadas sin inconvenientes y esperamos que la jornada electoral contin\u00fae de este modo\u00bb.<\/em><br><em>\u00abQuiero agradecer a todos los compa\u00f1eros que est\u00e1n trabajando desde muy temprano poni\u00e9ndole el pecho a esto, fiscalizando, y vamos a esperar los resultados con las mejores espectativas\u00bb<\/em>, finaliz\u00f3 Morales.<\/p>\n","protected":false},"excerpt":{"rendered":"<p>Durante la ma\u00f1ana de este domingo, la candidata a Diputada Nacional del Frente Uni\u00f3n por la Patria de Santiago del Estero, Mariana Morales, vot\u00f3 en el Colegio Santiago Apostol de la ciudad de La Banda.<\/p>\n","protected":false},"author":2,"featured_media":59645,"comment_status":"open","ping_status":"open","sticky":false,"template":"","format":"standard","meta":{"om_disable_all_campaigns":false,"_monsterinsights_skip_tracking":false,"_monsterinsights_sitenote_active":false,"_monsterinsights_sitenote_note":"","_monsterinsights_sitenote_category":0,"_uf_show_specific_survey":0,"_uf_disable_surveys":false,"jetpack_post_was_ever_published":false,"_jetpack_newsletter_access":"","_jetpack_dont_email_post_to_subs":false,"_jetpack_newsletter_tier_id":0,"_jetpack_memberships_contains_paywalled_content":false,"_jetpack_memberships_contains_paid_content":false,"footnotes":"","jetpack_publicize_message":"","jetpack_publicize_feature_enabled":true,"jetpack_social_post_already_shared":true,"jetpack_social_options":{"image_generator_settings":{"template":"highway","default_image_id":0,"font":"","enabled":false},"version":2}},"categories":[9,18],"tags":[705,725],"class_list":["post-59644","post","type-post","status-publish","format-standard","has-post-thumbnail","hentry","category-banda","category-politica","tag-elecciones-presidenciales-2023","tag-mariana-morales"],"aioseo_notices":[],"views":6,"jetpack_publicize_connections":[],"jetpack_featured_media_url":"https:\/\/i0.wp.com\/elterritorialweb.com.ar\/web\/wp-content\/uploads\/2023\/10\/WhatsApp-Image-2023-10-22-at-11.36.11.jpeg?fit=1087%2C718","jetpack_sharing_enabled":true,"_links":{"self":[{"href":"http:\/\/elterritorialweb.com.ar\/web\/wp-json\/wp\/v2\/posts\/59644","targetHints":{"allow":["GET"]}}],"collection":[{"href":"http:\/\/elterritorialweb.com.ar\/web\/wp-json\/wp\/v2\/posts"}],"about":[{"href":"http:\/\/elterritorialweb.com.ar\/web\/wp-json\/wp\/v2\/types\/post"}],"author":[{"embeddable":true,"href":"http:\/\/elterritorialweb.com.ar\/web\/wp-json\/wp\/v2\/users\/2"}],"replies":[{"embeddable":true,"href":"http:\/\/elterritorialweb.com.ar\/web\/wp-json\/wp\/v2\/comments?post=59644"}],"version-history":[{"count":1,"href":"http:\/\/elterritorialweb.com.ar\/web\/wp-json\/wp\/v2\/posts\/59644\/revisions"}],"predecessor-version":[{"id":59646,"href":"http:\/\/elterritorialweb.com.ar\/web\/wp-json\/wp\/v2\/posts\/59644\/revisions\/59646"}],"wp:featuredmedia":[{"embeddable":true,"href":"http:\/\/elterritorialweb.com.ar\/web\/wp-json\/wp\/v2\/media\/59645"}],"wp:attachment":[{"href":"http:\/\/elterritorialweb.com.ar\/web\/wp-json\/wp\/v2\/media?parent=59644"}],"wp:term":[{"taxonomy":"category","embeddable":true,"href":"http:\/\/elterritorialweb.com.ar\/web\/wp-json\/wp\/v2\/categories?post=59644"},{"taxonomy":"post_tag","embeddable":true,"href":"http:\/\/elterritorialweb.com.ar\/web\/wp-json\/wp\/v2\/tags?post=59644"}],"curies":[{"name":"wp","href":"https:\/\/api.w.org\/{rel}","templated":true}]}}