{"id":59649,"date":"2023-10-23T01:42:20","date_gmt":"2023-10-23T01:42:20","guid":{"rendered":"http:\/\/elterritorialweb.com.ar\/web\/?p=59649"},"modified":"2023-10-23T01:42:23","modified_gmt":"2023-10-23T01:42:23","slug":"elecciones-2023-massa-se-impone-en-las-urnas-y-le-saca-seis-puntos-de-ventaja-a-milei","status":"publish","type":"post","link":"http:\/\/elterritorialweb.com.ar\/web\/elecciones-2023-massa-se-impone-en-las-urnas-y-le-saca-seis-puntos-de-ventaja-a-milei\/","title":{"rendered":"ELECCIONES 2023: MASSA SE IMPONE EN LAS URNAS Y LE SACA SEIS PUNTOS DE VENTAJA A MILEI"},"content":{"rendered":"\n<p>El candidato a presidente de Uni\u00f3n por la Patria,\u00a0<strong>Sergio Massa, suma el 36,33% de los votos con el 91,34% de las mesas escrutadas y es el dirigente con mayor cantidad de sufragios\u00a0<\/strong>de\u00a0las elecciones desarrolladas este domingo. Detr\u00e1s, aparece el postulante de La Libertad Avanza, Javier Milei, con el 30,18% y se mete al balotaje. Luego, en el tercer lugar est\u00e1 Patricia Bullrich, de Juntos por el Cambio, con 23,82%.<\/p>\n\n\n\n<p>El ministro de Econom\u00eda tuvo un gran remontada con respecto a las PASO, que se realizaron el 13 de agosto, ya que\u00a0<strong>el oficialismo hab\u00eda obtenido el 27,22% al sumar los votos del titular del Palacio de Hacienda m\u00e1s los del precandidato Juan Grabois<\/strong>. Con este resultado,\u00a0disputar\u00e1 contra el l\u00edder libertario un balotaje el domingo 19 de noviembre.<\/p>\n\n\n\n<p>Por su parte,\u00a0<strong>el economista liberal realiz\u00f3 -pr\u00e1cticamente- la misma elecci\u00f3n que en las PASO<\/strong>,\u00a0cuando hab\u00eda sido el m\u00e1s votado con el 30,08%. Con esa cifra se asegur\u00f3 un lugar en segunda vuelta, ya que aventaj\u00f3 por casi siete puntos a Juntos por el Cambio, aunque detr\u00e1s del integrante del Gabinete.<\/p>\n\n\n\n<p>La gran derrotada de los comicios fue Patricia Bullrich, que qued\u00f3 en el tercer puesto y lejos de tener alguna chance de ingresar al balotaje.&nbsp;<strong>En comparaci\u00f3n con las Primarias, la coalici\u00f3n opositora perdi\u00f3 casi cinco puntos porcentuales<\/strong>:&nbsp;en agosto hab\u00eda acumulado 28.28%&nbsp;entre los votos reunidos por la exministra de Seguridad y el jefe de Gobierno de la Ciudad de Buenos Aires, Horacio Rodr\u00edguez Larreta.<\/p>\n\n\n\n<p>Por \u00faltimo, el gobernador de C\u00f3rdoba,\u00a0<strong>Juan Schiaretti, tuvo un crecimiento en el electorado, debido a que se ubic\u00f3 en la cuarta ubicaci\u00f3n con el 6,98% para Hacemos por Nuestro Pa\u00eds<\/strong>\u00a0y estuvo a punto de duplicar los sufragios de las PASO, que fueron 3,85%. Mientras que Myriam Bregman, del Frente de Izquierda y de los Trabajadores, 2,66% y mantuvo la cantidad lograda por el espacio en agosto.<\/p>\n\n\n\n<h3 class=\"wp-block-heading\">Vot\u00f3 m\u00e1s del 75% del padr\u00f3n<\/h3>\n\n\n\n<p>El secretario general de la presidencia, Julio Vitobello, asegur\u00f3 al cierre de la votaci\u00f3n, que&nbsp;<strong>m\u00e1s del 74% del padr\u00f3n -compuesto por 35 millones de personas- hab\u00eda asistido a las urnas a votar en Argentina y en el exterior<\/strong>. \u00abLos comicios se han desarrollado con total normalidad y en paz\u00bb, destac\u00f3 el funcionario en una conferencia de prensa.<\/p>\n\n\n\n<h3 class=\"wp-block-heading\">Cu\u00e1ndo se conocer\u00e1 el escrutinio definitivo<\/h3>\n\n\n\n<p>Cabe destacar que el escrutinio provisorio que realiza el Poder Ejecutivo durante el domingo no tiene validez legal y tiene c\u00f3mo \u00fanico objetivo \u00abinformar a la ciudadan\u00eda\u00bb.&nbsp;<strong>El escrutinio definitivo est\u00e1 a cargo de la Justicia Nacional Electoral y comienza a las 48 horas de finalizada la elecci\u00f3n<\/strong>.<\/p>\n","protected":false},"excerpt":{"rendered":"<p>Con el 91% escrutado, el candidato de Uni\u00f3n por la Patria es el m\u00e1s votado y afrontar\u00e1 una segunda vuelta con el l\u00edder de La Libertad Avanza. Patricia Bullrich y Juntos por el Cambio, en el tercer lugar.<\/p>\n","protected":false},"author":2,"featured_media":59650,"comment_status":"open","ping_status":"open","sticky":false,"template":"","format":"standard","meta":{"om_disable_all_campaigns":false,"_monsterinsights_skip_tracking":false,"_monsterinsights_sitenote_active":false,"_monsterinsights_sitenote_note":"","_monsterinsights_sitenote_category":0,"_uf_show_specific_survey":0,"_uf_disable_surveys":false,"jetpack_post_was_ever_published":false,"_jetpack_newsletter_access":"","_jetpack_dont_email_post_to_subs":false,"_jetpack_newsletter_tier_id":0,"_jetpack_memberships_contains_paywalled_content":false,"_jetpack_memberships_contains_paid_content":false,"footnotes":"","jetpack_publicize_message":"","jetpack_publicize_feature_enabled":true,"jetpack_social_post_already_shared":true,"jetpack_social_options":{"image_generator_settings":{"template":"highway","default_image_id":0,"font":"","enabled":false},"version":2}},"categories":[4,18],"tags":[705,92,68],"class_list":["post-59649","post","type-post","status-publish","format-standard","has-post-thumbnail","hentry","category-destacadas","category-politica","tag-elecciones-presidenciales-2023","tag-javier-milei","tag-sergio-massa"],"aioseo_notices":[],"views":8,"jetpack_publicize_connections":[],"jetpack_featured_media_url":"https:\/\/i0.wp.com\/elterritorialweb.com.ar\/web\/wp-content\/uploads\/2023\/10\/MASSA-Y-MILEI-e1698025322729.jpeg?fit=978%2C675","jetpack_sharing_enabled":true,"_links":{"self":[{"href":"http:\/\/elterritorialweb.com.ar\/web\/wp-json\/wp\/v2\/posts\/59649","targetHints":{"allow":["GET"]}}],"collection":[{"href":"http:\/\/elterritorialweb.com.ar\/web\/wp-json\/wp\/v2\/posts"}],"about":[{"href":"http:\/\/elterritorialweb.com.ar\/web\/wp-json\/wp\/v2\/types\/post"}],"author":[{"embeddable":true,"href":"http:\/\/elterritorialweb.com.ar\/web\/wp-json\/wp\/v2\/users\/2"}],"replies":[{"embeddable":true,"href":"http:\/\/elterritorialweb.com.ar\/web\/wp-json\/wp\/v2\/comments?post=59649"}],"version-history":[{"count":1,"href":"http:\/\/elterritorialweb.com.ar\/web\/wp-json\/wp\/v2\/posts\/59649\/revisions"}],"predecessor-version":[{"id":59651,"href":"http:\/\/elterritorialweb.com.ar\/web\/wp-json\/wp\/v2\/posts\/59649\/revisions\/59651"}],"wp:featuredmedia":[{"embeddable":true,"href":"http:\/\/elterritorialweb.com.ar\/web\/wp-json\/wp\/v2\/media\/59650"}],"wp:attachment":[{"href":"http:\/\/elterritorialweb.com.ar\/web\/wp-json\/wp\/v2\/media?parent=59649"}],"wp:term":[{"taxonomy":"category","embeddable":true,"href":"http:\/\/elterritorialweb.com.ar\/web\/wp-json\/wp\/v2\/categories?post=59649"},{"taxonomy":"post_tag","embeddable":true,"href":"http:\/\/elterritorialweb.com.ar\/web\/wp-json\/wp\/v2\/tags?post=59649"}],"curies":[{"name":"wp","href":"https:\/\/api.w.org\/{rel}","templated":true}]}}