{"id":59652,"date":"2023-10-23T02:15:06","date_gmt":"2023-10-23T02:15:06","guid":{"rendered":"http:\/\/elterritorialweb.com.ar\/web\/?p=59652"},"modified":"2023-10-23T02:15:10","modified_gmt":"2023-10-23T02:15:10","slug":"con-mas-del-45-de-los-votos-axel-kicillof-fue-reelecto-en-la-provincia-de-buenos-aires","status":"publish","type":"post","link":"http:\/\/elterritorialweb.com.ar\/web\/con-mas-del-45-de-los-votos-axel-kicillof-fue-reelecto-en-la-provincia-de-buenos-aires\/","title":{"rendered":"CON MAS DEL 45% DE LOS VOTOS, AXEL KICILLOF FUE REELECTO EN LA PROVINCIA DE BUENOS AIRES"},"content":{"rendered":"\n<p>El gobernador bonaerense,\u00a0<strong>Axel Kicillof, celebr\u00f3 su avasallante victoria<\/strong>\u00a0en las elecciones celebradas este domingo en la Provincia y asegur\u00f3 que\u00a0<strong>\u00abeste voto significa &#8216;dictadura nunca m\u00e1s'\u00bb<\/strong>.<\/p>\n\n\n\n<p>Desde el b\u00fanker de Uni\u00f3n por la Patria en el barrio porte\u00f1o de Chacarita, Kicillof agradeci\u00f3 a los bonaerenses \u00abhayan votado como hayan votado\u00bb y\u00a0<strong>destac\u00f3 el \u00abrespaldo, reconocimiento, fuerza, alegr\u00eda y convicci\u00f3n\u00bb que \u00able puso el pueblo\u00bb a la campa\u00f1a.<\/strong><\/p>\n\n\n\n<p>\u00abEste a\u00f1o estamos cumpliendo 40 a\u00f1os de democracia. Este a\u00f1o votamos por d\u00e9cima vez candidato a presidente en la Argentina. Y quiero decir que esta democracia se basa en&nbsp;<strong>la profunda memoria de una noche genocida<\/strong>, y que este voto significa &#8216;dictadura nunca m\u00e1s'\u00bb, advirti\u00f3 el mandatario bonaerense.<\/p>\n\n\n\n<p><strong>Kicillof resalt\u00f3 que al oficialismo no lo venci\u00f3 \u00abni la resignaci\u00f3n ni la antipol\u00edtica\u00bb.<\/strong>&nbsp;Agradeci\u00f3 \u00abmuy especialmente\u00bb a los intendentes del peronismo, a los que consider\u00f3&nbsp;<strong>\u00abart\u00edfices de este triunfo\u00bb<\/strong>, y a la vicepresidenta&nbsp;<strong>Cristina Kirchner<\/strong>&nbsp;\u00abpor su acompa\u00f1amiento\u00bb.<\/p>\n\n\n\n<p>\u00abEn este tiempo atraves\u00f3 un atentado contra su vida, la proscripci\u00f3n, y sin embargo sigue liderando y\u00a0<strong>nunca nos llam\u00f3 a caer en el rencor ni en la revancha.<\/strong>\u00a0Vale de ejemplo para los que\u00a0<strong>usan el odio y la violencia<\/strong>\u00ab, advirti\u00f3 durante su discurso.<\/p>\n\n\n\n<h3 class=\"wp-block-heading\">\u00abLa libertad solo se alcanza cuando hay igualdad de oportunidades\u00bb<\/h3>\n\n\n\n<p>Con una ventaja de 20 puntos sobre Juntos por el Cambio y La Libertad Avanza, Kicillof advirti\u00f3 que&nbsp;<strong>\u00abfue un voto por lo conseguido y por lo que nos falta\u00bb<\/strong>, y reconoci\u00f3 que&nbsp;<strong>\u00abhay problemas, pero se resuelven con m\u00e1s Estado\u00bb<\/strong>.<\/p>\n\n\n\n<p>\u00abLos problemas se afrontan con m\u00e1s solidaridad y no con ego\u00edsmo. Pensando en el otro, tendi\u00e9ndole la mano al que lo necesita.&nbsp;<strong>Siempre fuimos un pueblo solidario<\/strong>, y la provincia sigue creyendo en m\u00e1s Estado, m\u00e1s solidaridad y m\u00e1s patria\u00bb, asegur\u00f3 el gobernador.<\/p>\n\n\n\n<p>En ese sentido, Kicillof advirti\u00f3 que&nbsp;<strong>\u00abla dignidad no es un negocio, los derechos no dependen de la ganancia, la libertad solo se alcanza cuando hay igualdad de oportunidades, la vida no es un mercado y la patria no se vende\u00bb<\/strong>, en una clara alusi\u00f3n a las propuestas formuladas desde la oposici\u00f3n.<\/p>\n\n\n\n<p>El mandatario bonaerense admiti\u00f3 que en la Provincia \u00abtodav\u00eda nos falta salud p\u00fablica, educaci\u00f3n p\u00fablica y avanzar en materia de seguridad\u00bb. Por tal motivo,&nbsp;<strong>llam\u00f3 a votar por Sergio Massa en la segunda vuelta<\/strong>&nbsp;electoral del 19 de noviembre pr\u00f3ximo por su \u00abcompromiso con el federalismo\u00bb.<\/p>\n\n\n\n<p><strong>\u00abLa campa\u00f1a no termin\u00f3. En la provincia de Buenos Aires, la campa\u00f1a termina cuando Sergio Massa sea el pr\u00f3ximo presidente de la Argentina.<\/strong>&nbsp;Nadie descansa, nadie para. No nos alcanza con la Provincia. Necesitamos un gobierno nacional comprometido con el pueblo, con su felicidad y con la grandeza de nuestra naci\u00f3n\u00bb, concluy\u00f3 Kicillof.<\/p>\n","protected":false},"excerpt":{"rendered":"<p>El gobernador bonaerense se mostr\u00f3 emocionado tras haber sido reelecto con m\u00e1s del 45% de los votos. Agradeci\u00f3 a la militancia, a los intendentes y a la vicepresidenta Cristina Kirchner.<\/p>\n","protected":false},"author":2,"featured_media":59653,"comment_status":"open","ping_status":"open","sticky":false,"template":"","format":"standard","meta":{"om_disable_all_campaigns":false,"_monsterinsights_skip_tracking":false,"_monsterinsights_sitenote_active":false,"_monsterinsights_sitenote_note":"","_monsterinsights_sitenote_category":0,"_uf_show_specific_survey":0,"_uf_disable_surveys":false,"jetpack_post_was_ever_published":false,"_jetpack_newsletter_access":"","_jetpack_dont_email_post_to_subs":false,"_jetpack_newsletter_tier_id":0,"_jetpack_memberships_contains_paywalled_content":false,"_jetpack_memberships_contains_paid_content":false,"footnotes":"","jetpack_publicize_message":"","jetpack_publicize_feature_enabled":true,"jetpack_social_post_already_shared":true,"jetpack_social_options":{"image_generator_settings":{"template":"highway","default_image_id":0,"font":"","enabled":false},"version":2}},"categories":[4,18],"tags":[98,272],"class_list":["post-59652","post","type-post","status-publish","format-standard","has-post-thumbnail","hentry","category-destacadas","category-politica","tag-axel-kicillof","tag-union-por-la-patria"],"aioseo_notices":[],"views":8,"jetpack_publicize_connections":[],"jetpack_featured_media_url":"https:\/\/i0.wp.com\/elterritorialweb.com.ar\/web\/wp-content\/uploads\/2023\/10\/axel-kicillof.jpeg?fit=790%2C526","jetpack_sharing_enabled":true,"_links":{"self":[{"href":"http:\/\/elterritorialweb.com.ar\/web\/wp-json\/wp\/v2\/posts\/59652","targetHints":{"allow":["GET"]}}],"collection":[{"href":"http:\/\/elterritorialweb.com.ar\/web\/wp-json\/wp\/v2\/posts"}],"about":[{"href":"http:\/\/elterritorialweb.com.ar\/web\/wp-json\/wp\/v2\/types\/post"}],"author":[{"embeddable":true,"href":"http:\/\/elterritorialweb.com.ar\/web\/wp-json\/wp\/v2\/users\/2"}],"replies":[{"embeddable":true,"href":"http:\/\/elterritorialweb.com.ar\/web\/wp-json\/wp\/v2\/comments?post=59652"}],"version-history":[{"count":1,"href":"http:\/\/elterritorialweb.com.ar\/web\/wp-json\/wp\/v2\/posts\/59652\/revisions"}],"predecessor-version":[{"id":59654,"href":"http:\/\/elterritorialweb.com.ar\/web\/wp-json\/wp\/v2\/posts\/59652\/revisions\/59654"}],"wp:featuredmedia":[{"embeddable":true,"href":"http:\/\/elterritorialweb.com.ar\/web\/wp-json\/wp\/v2\/media\/59653"}],"wp:attachment":[{"href":"http:\/\/elterritorialweb.com.ar\/web\/wp-json\/wp\/v2\/media?parent=59652"}],"wp:term":[{"taxonomy":"category","embeddable":true,"href":"http:\/\/elterritorialweb.com.ar\/web\/wp-json\/wp\/v2\/categories?post=59652"},{"taxonomy":"post_tag","embeddable":true,"href":"http:\/\/elterritorialweb.com.ar\/web\/wp-json\/wp\/v2\/tags?post=59652"}],"curies":[{"name":"wp","href":"https:\/\/api.w.org\/{rel}","templated":true}]}}