{"id":59655,"date":"2023-10-23T02:27:51","date_gmt":"2023-10-23T02:27:51","guid":{"rendered":"http:\/\/elterritorialweb.com.ar\/web\/?p=59655"},"modified":"2023-10-23T02:27:54","modified_gmt":"2023-10-23T02:27:54","slug":"bullrich-reconocio-la-derrota-y-convoco-a-terminar-con-el-populismo","status":"publish","type":"post","link":"http:\/\/elterritorialweb.com.ar\/web\/bullrich-reconocio-la-derrota-y-convoco-a-terminar-con-el-populismo\/","title":{"rendered":"BULLRICH RECONOCI\u00d3 LA DERROTA Y CONVOC\u00d3 A \u00abTERMINAR CON EL POPULISMO\u00bb"},"content":{"rendered":"\n<p>La candidata presidencial de Juntos por el Cambio,\u00a0<strong>Patricia Bullrich<\/strong>,\u00a0<strong>reconoci\u00f3 la derrota en las elecciones<\/strong>\u00a0pero adelant\u00f3 que no felicitar\u00e1 al candidato de Uni\u00f3n por Patria,\u00a0<strong>Sergio Massa<\/strong>, y convoc\u00f3 a \u00abterminar con el populismo\u00bb.<\/p>\n\n\n\n<p><strong>\u00abEn esta noche donde no hemos logrado los objetivos que quer\u00edamos para nuestra Argentina<\/strong>, para los argentinos, venimos a ratificar con toda la fuerza los valores de nuestra causa. Nuestra causa va m\u00e1s all\u00e1 de un momento electoral y va m\u00e1s all\u00e1 de la derrota que hoy aceptamos\u00bb, manifest\u00f3 la exministra de Seguridad en un discurso desde el b\u00fanker electoral de Juntos por el Cambio.<\/p>\n\n\n\n<p>Bullrich estuvo acompa\u00f1ada por el expresidente&nbsp;<strong>Mauricio Macri,&nbsp;<\/strong>el jefe de gobierno porte\u00f1o,&nbsp;<strong>Horacio Rodr\u00edguez Larreta,&nbsp;<\/strong>la exgobernadora bonaerense,&nbsp;<strong>Mar\u00eda Eugenia Vidal<\/strong>, el candidato a vicepresidente,&nbsp;<strong>Luis Petri<\/strong>, entre otros referentes de la coalici\u00f3n opositora.<\/p>\n\n\n\n<p>La candidata cambiemita expres\u00f3 que seguir\u00e1 defendiendo los valores de \u00abla rep\u00fablica, la transparencia, la lucha contra la corrupci\u00f3n y de un pa\u00eds que debe terminar con el populismo si quiere crecer y terminar con la pobreza\u00bb.<\/p>\n\n\n\n<p>\u00abQuiz\u00e1s esos valores hoy se han quedado dormidos, pero nosotros los vamos a despertar todos y cada uno de los d\u00edas de nuestra lucha para tener una Argentina productiva y sin pobreza. Importa siempre el camino, importan siempre los objetivos\u00bb, agreg\u00f3 la candidata.<\/p>\n\n\n\n<p>Acto seguido, Bullrich sostuvo que el populismo&nbsp;<strong>\u00abha empobrecido al pa\u00eds\u00bb<\/strong>&nbsp;y en referencia a la victoria de Massa indic\u00f3 que no va a felicitar&nbsp;<strong>\u00abque vuelva al poder quien ha sido parte del peor gobierno de la historia Argentina\u00bb.<\/strong><\/p>\n\n\n\n<p>\u00abPor eso quiero decirles que siempre, junto a todos los que somos parte de esta fuerza, vamos a representar los valores de los que hoy nos votaron. Nuestros valores no est\u00e1n a la deriva, no se venden ni se compran, no los vamos a negociar\u00bb, complet\u00f3.<\/p>\n","protected":false},"excerpt":{"rendered":"<p>\u00abNo hemos logrado los objetivos que quer\u00edamos para nuestra Argentina\u00bb, manifest\u00f3 la candidata de Juntos por el Cambio.<\/p>\n","protected":false},"author":2,"featured_media":59656,"comment_status":"open","ping_status":"open","sticky":false,"template":"","format":"standard","meta":{"om_disable_all_campaigns":false,"_monsterinsights_skip_tracking":false,"_monsterinsights_sitenote_active":false,"_monsterinsights_sitenote_note":"","_monsterinsights_sitenote_category":0,"_uf_show_specific_survey":0,"_uf_disable_surveys":false,"jetpack_post_was_ever_published":false,"_jetpack_newsletter_access":"","_jetpack_dont_email_post_to_subs":false,"_jetpack_newsletter_tier_id":0,"_jetpack_memberships_contains_paywalled_content":false,"_jetpack_memberships_contains_paid_content":false,"footnotes":"","jetpack_publicize_message":"","jetpack_publicize_feature_enabled":true,"jetpack_social_post_already_shared":true,"jetpack_social_options":{"image_generator_settings":{"template":"highway","default_image_id":0,"font":"","enabled":false},"version":2}},"categories":[18],"tags":[705,178,589],"class_list":["post-59655","post","type-post","status-publish","format-standard","has-post-thumbnail","hentry","category-politica","tag-elecciones-presidenciales-2023","tag-juntos-por-el-cambio","tag-patricia-bullrich"],"aioseo_notices":[],"views":11,"jetpack_publicize_connections":[],"jetpack_featured_media_url":"https:\/\/i0.wp.com\/elterritorialweb.com.ar\/web\/wp-content\/uploads\/2023\/10\/image-17.png?fit=768%2C432","jetpack_sharing_enabled":true,"_links":{"self":[{"href":"http:\/\/elterritorialweb.com.ar\/web\/wp-json\/wp\/v2\/posts\/59655","targetHints":{"allow":["GET"]}}],"collection":[{"href":"http:\/\/elterritorialweb.com.ar\/web\/wp-json\/wp\/v2\/posts"}],"about":[{"href":"http:\/\/elterritorialweb.com.ar\/web\/wp-json\/wp\/v2\/types\/post"}],"author":[{"embeddable":true,"href":"http:\/\/elterritorialweb.com.ar\/web\/wp-json\/wp\/v2\/users\/2"}],"replies":[{"embeddable":true,"href":"http:\/\/elterritorialweb.com.ar\/web\/wp-json\/wp\/v2\/comments?post=59655"}],"version-history":[{"count":1,"href":"http:\/\/elterritorialweb.com.ar\/web\/wp-json\/wp\/v2\/posts\/59655\/revisions"}],"predecessor-version":[{"id":59657,"href":"http:\/\/elterritorialweb.com.ar\/web\/wp-json\/wp\/v2\/posts\/59655\/revisions\/59657"}],"wp:featuredmedia":[{"embeddable":true,"href":"http:\/\/elterritorialweb.com.ar\/web\/wp-json\/wp\/v2\/media\/59656"}],"wp:attachment":[{"href":"http:\/\/elterritorialweb.com.ar\/web\/wp-json\/wp\/v2\/media?parent=59655"}],"wp:term":[{"taxonomy":"category","embeddable":true,"href":"http:\/\/elterritorialweb.com.ar\/web\/wp-json\/wp\/v2\/categories?post=59655"},{"taxonomy":"post_tag","embeddable":true,"href":"http:\/\/elterritorialweb.com.ar\/web\/wp-json\/wp\/v2\/tags?post=59655"}],"curies":[{"name":"wp","href":"https:\/\/api.w.org\/{rel}","templated":true}]}}