{"id":59658,"date":"2023-10-23T02:36:03","date_gmt":"2023-10-23T02:36:03","guid":{"rendered":"http:\/\/elterritorialweb.com.ar\/web\/?p=59658"},"modified":"2023-10-23T02:36:06","modified_gmt":"2023-10-23T02:36:06","slug":"la-senadora-claudia-de-zamora-felicito-al-pueblo-santiagueno-por-la-gran-eleccion","status":"publish","type":"post","link":"http:\/\/elterritorialweb.com.ar\/web\/la-senadora-claudia-de-zamora-felicito-al-pueblo-santiagueno-por-la-gran-eleccion\/","title":{"rendered":"LA SENADORA CLAUDIA DE ZAMORA FELICIT\u00d3 AL PUEBLO SANTIAGUE\u00d1O POR LA GRAN ELECCI\u00d3N"},"content":{"rendered":"\n<p>Al dirigirse a los militantes del Frente C\u00edvico por Santiago dijo: <em>\u201cHan sabido transmitir el mensaje de unidad a todo el pueblo santiague\u00f1o\u201d.<\/em><br>Adem\u00e1s, felicit\u00f3 a los cuatro diputados nacionales electos: Ricardo Daives, Estela Neder, Celia Campitelli de Dib y Jos\u00e9 G\u00f3mez.<br>Tambi\u00e9n dedic\u00f3 un p\u00e1rrafo especial para Sergio Massa. <em>\u201cUn gran saludo a nuestro candidato a presidente por la extraordinaria elecci\u00f3n que ha llevado adelante en todo el pa\u00eds. Vaya mis felicitaciones al pr\u00f3ximo presidente de los argentinos\u201d<\/em>, dijo.<br><em>\u201cEn nombre del gobernador quiero dejarle al pueblo santiague\u00f1o un fuerte abrazo y el compromiso de seguir trabajando todos juntos, por una provincia y una naci\u00f3n unida, como lo venimos haciendo todos\u201d<\/em>, agreg\u00f3 Claudia de Zamora, quien estuvo acompa\u00f1ada por el vicegobernador, Carlos Silva Neder; el jefe de Gabinete, El\u00edas Su\u00e1rez; el senador Jos\u00e9 Neder; los ministros de Justicia, Matilde O\u2019Mill, de Salud, Natividad Nassif, y de Desarrollo Social, \u00c1ngel Niccolai; la secretaria de Trabajo, Julia Com\u00e1n; la intendente\u00a0de la Capital, Norma Fuentes, entre otros.<\/p>\n\n\n\n<figure class=\"wp-block-image size-large\"><a href=\"https:\/\/i0.wp.com\/elterritorialweb.com.ar\/web\/wp-content\/uploads\/2023\/10\/WhatsApp-Image-2023-10-22-at-23.28.47.jpeg\"><img data-recalc-dims=\"1\" decoding=\"async\" width=\"640\" height=\"427\" data-src=\"https:\/\/i0.wp.com\/elterritorialweb.com.ar\/web\/wp-content\/uploads\/2023\/10\/WhatsApp-Image-2023-10-22-at-23.28.47.jpeg?resize=640%2C427\" alt=\"\" class=\"wp-image-59659 lazyload\" data-srcset=\"https:\/\/i0.wp.com\/elterritorialweb.com.ar\/web\/wp-content\/uploads\/2023\/10\/WhatsApp-Image-2023-10-22-at-23.28.47.jpeg?resize=1024%2C683 1024w, https:\/\/i0.wp.com\/elterritorialweb.com.ar\/web\/wp-content\/uploads\/2023\/10\/WhatsApp-Image-2023-10-22-at-23.28.47.jpeg?resize=300%2C200 300w, https:\/\/i0.wp.com\/elterritorialweb.com.ar\/web\/wp-content\/uploads\/2023\/10\/WhatsApp-Image-2023-10-22-at-23.28.47.jpeg?resize=768%2C512 768w, https:\/\/i0.wp.com\/elterritorialweb.com.ar\/web\/wp-content\/uploads\/2023\/10\/WhatsApp-Image-2023-10-22-at-23.28.47.jpeg?w=1392 1392w, https:\/\/i0.wp.com\/elterritorialweb.com.ar\/web\/wp-content\/uploads\/2023\/10\/WhatsApp-Image-2023-10-22-at-23.28.47.jpeg?w=1280 1280w\" data-sizes=\"(max-width: 640px) 100vw, 640px\" src=\"data:image\/svg+xml;base64,PHN2ZyB3aWR0aD0iMSIgaGVpZ2h0PSIxIiB4bWxucz0iaHR0cDovL3d3dy53My5vcmcvMjAwMC9zdmciPjwvc3ZnPg==\" style=\"--smush-placeholder-width: 640px; --smush-placeholder-aspect-ratio: 640\/427;\" \/><\/a><\/figure>\n\n\n\n<p>En otro orden, la senadora se refiri\u00f3 a la salud del gobernador. Agradeci\u00f3 los mensajes recibidos y resalt\u00f3 que tuvo una franca mejor\u00eda y que <em>\u00absi Dios quiere ma\u00f1ana, luego de unos ex\u00e1menes, ya estar\u00eda en casa descansando\u201d.<\/em><\/p>\n","protected":false},"excerpt":{"rendered":"<p>Luego de conocerse los resultados de las elecciones presidenciales, la presidente provisional del Senado, Claudia de Zamora, brind\u00f3 su mensaje a los santiague\u00f1os en la sede de ciudad Capital del Frente C\u00edvico, donde expres\u00f3 su agradecimiento y del gobernador Gerardo Zamora por el contundente triunfo en toda la provincia.<\/p>\n","protected":false},"author":2,"featured_media":59660,"comment_status":"open","ping_status":"open","sticky":false,"template":"","format":"standard","meta":{"om_disable_all_campaigns":false,"_monsterinsights_skip_tracking":false,"_monsterinsights_sitenote_active":false,"_monsterinsights_sitenote_note":"","_monsterinsights_sitenote_category":0,"_uf_show_specific_survey":0,"_uf_disable_surveys":false,"jetpack_post_was_ever_published":false,"_jetpack_newsletter_access":"","_jetpack_dont_email_post_to_subs":false,"_jetpack_newsletter_tier_id":0,"_jetpack_memberships_contains_paywalled_content":false,"_jetpack_memberships_contains_paid_content":false,"footnotes":"","jetpack_publicize_message":"","jetpack_publicize_feature_enabled":true,"jetpack_social_post_already_shared":true,"jetpack_social_options":{"image_generator_settings":{"template":"highway","default_image_id":0,"font":"","enabled":false},"version":2}},"categories":[4,18],"tags":[443,705,376,59],"class_list":["post-59658","post","type-post","status-publish","format-standard","has-post-thumbnail","hentry","category-destacadas","category-politica","tag-claudia-ledesma-abdala-de-zamora","tag-elecciones-presidenciales-2023","tag-frente-civico-por-santiago","tag-gerardo-zamora"],"aioseo_notices":[],"views":7,"jetpack_publicize_connections":[],"jetpack_featured_media_url":"https:\/\/i0.wp.com\/elterritorialweb.com.ar\/web\/wp-content\/uploads\/2023\/10\/WhatsApp-Image-2023-10-22-at-23.27.59.jpeg?fit=1280%2C853","jetpack_sharing_enabled":true,"_links":{"self":[{"href":"http:\/\/elterritorialweb.com.ar\/web\/wp-json\/wp\/v2\/posts\/59658","targetHints":{"allow":["GET"]}}],"collection":[{"href":"http:\/\/elterritorialweb.com.ar\/web\/wp-json\/wp\/v2\/posts"}],"about":[{"href":"http:\/\/elterritorialweb.com.ar\/web\/wp-json\/wp\/v2\/types\/post"}],"author":[{"embeddable":true,"href":"http:\/\/elterritorialweb.com.ar\/web\/wp-json\/wp\/v2\/users\/2"}],"replies":[{"embeddable":true,"href":"http:\/\/elterritorialweb.com.ar\/web\/wp-json\/wp\/v2\/comments?post=59658"}],"version-history":[{"count":1,"href":"http:\/\/elterritorialweb.com.ar\/web\/wp-json\/wp\/v2\/posts\/59658\/revisions"}],"predecessor-version":[{"id":59661,"href":"http:\/\/elterritorialweb.com.ar\/web\/wp-json\/wp\/v2\/posts\/59658\/revisions\/59661"}],"wp:featuredmedia":[{"embeddable":true,"href":"http:\/\/elterritorialweb.com.ar\/web\/wp-json\/wp\/v2\/media\/59660"}],"wp:attachment":[{"href":"http:\/\/elterritorialweb.com.ar\/web\/wp-json\/wp\/v2\/media?parent=59658"}],"wp:term":[{"taxonomy":"category","embeddable":true,"href":"http:\/\/elterritorialweb.com.ar\/web\/wp-json\/wp\/v2\/categories?post=59658"},{"taxonomy":"post_tag","embeddable":true,"href":"http:\/\/elterritorialweb.com.ar\/web\/wp-json\/wp\/v2\/tags?post=59658"}],"curies":[{"name":"wp","href":"https:\/\/api.w.org\/{rel}","templated":true}]}}