{"id":59662,"date":"2023-10-23T03:12:06","date_gmt":"2023-10-23T03:12:06","guid":{"rendered":"http:\/\/elterritorialweb.com.ar\/web\/?p=59662"},"modified":"2023-10-23T03:12:31","modified_gmt":"2023-10-23T03:12:31","slug":"massa-convoco-a-los-argentinos-de-cara-al-balotaje-y-aseguro-que-la-grieta-se-murio","status":"publish","type":"post","link":"http:\/\/elterritorialweb.com.ar\/web\/massa-convoco-a-los-argentinos-de-cara-al-balotaje-y-aseguro-que-la-grieta-se-murio\/","title":{"rendered":"MASSA CONVOC\u00d3 A LOS ARGENTINOS DE CARA AL BALOTAJE Y ASEGUR\u00d3 QUE \u00abLA GRIETA SE MURI\u00d3\u00bb"},"content":{"rendered":"\n<p>Tras ser\u00a0el candidato a presidente m\u00e1s votado en las elecciones generales, el ministro de Econom\u00eda,\u00a0<strong>Sergio Massa, realiz\u00f3 una amplia convocatoria a los argentinos de cara al balotaje del domingo 19 de noviembre contra el libertario Javier Milei.\u00a0<\/strong>En ese sentido, apunt\u00f3 a los votantes de la candidata Myriam Bregman (FIT), del gobernador Juan Schiaretti (Hacemos por Nuestro Pa\u00eds) y a los radicales que acompa\u00f1aron a Patricia Bullrich (Juntos por el Cambio) y advirti\u00f3 que\u00a0\u00abla grieta se muri\u00f3 y empieza una nueva etapa desde el 10 de diciembre en mi gobierno\u00bb.<\/p>\n\n\n\n<p>\u00ab<strong>Quiero agradecer a los m\u00e1s de 8 millones de argentinos que depositaron su esperanza y confianza en nosotros<\/strong>. Lo quiero hacer entendiendo que nuestro pa\u00eds vive una situaci\u00f3n compleja, dif\u00edcil. Creyeron que \u00e9ramos la mejor herramienta para que a partir del 10 de diciembre se construya una nueva etapa para la historia pol\u00edtica de Argentina\u00bb, destac\u00f3 el postulante de Uni\u00f3n por la Patria, que recibi\u00f3 m\u00e1s del 36% de los sufragios.<\/p>\n\n\n\n<h3 class=\"wp-block-heading\">\u00ab<em>Sepan que como presidente no les voy a fallar<\/em>\u00ab<\/h3>\n\n\n\n<p>Durante su discurso, Massa hizo hincapi\u00e9 en que llevar\u00e1 adelante un \u00abgobierno de unidad\u00bb y por esa raz\u00f3n le habl\u00f3 a la sociedad, con el foco puesto en los electores del Frente de Izquierda, del peronismo cordob\u00e9s y a los militantes de la Uni\u00f3n C\u00edvica Radical para la segunda vuelta: \u00ab<strong>Quiero hablarle a los que fueron al cuarto oscuro, pero votaron en blanco. Que a lo mejor, con desesperanza y bronca, se quedaron en su casa<\/strong>. Le hablo a los que eligieron a Myriam, que lo eligieron a Juan, quiero hablarle a esos miles y miles de radicales que a lo largo y ancho comparten con nosotros valores democr\u00e1ticos como la educaci\u00f3n p\u00fablica y la independencia de poderes\u00bb.<\/p>\n\n\n\n<h3 class=\"wp-block-heading\">\u00ab<em>A los que eligieron otra opci\u00f3n, voy a hacer el mayor de los esfuerzo a lo largo de los pr\u00f3ximos 30 d\u00edas para ganarme su confianza<\/em>\u00ab<\/h3>\n\n\n\n<p>Con una emoci\u00f3n marcada frente a la militancia, que vitore\u00f3 por su victoria en noviembre frente al economista de ultraderecha Javier Milei, Massa remarc\u00f3 que \u00abquiero convocarlos a que tengamos la capacidad de poner un punto final a la idea de la destrucci\u00f3n del otro, a la idea del amigo y enemigo.&nbsp;<strong>Si algo qued\u00f3 claro en esta elecci\u00f3n es que la grieta se muri\u00f3 y empieza una nueva etapa desde el 10 de diciembre en mi gobierno\u00bb<\/strong>.<\/p>\n","protected":false},"excerpt":{"rendered":"<p>El candidato a presidente del peronismo destac\u00f3 la remontada del espacio en las elecciones y apost\u00f3 a repetir el triunfo en noviembre.<\/p>\n","protected":false},"author":2,"featured_media":59663,"comment_status":"open","ping_status":"open","sticky":false,"template":"","format":"standard","meta":{"om_disable_all_campaigns":false,"_monsterinsights_skip_tracking":false,"_monsterinsights_sitenote_active":false,"_monsterinsights_sitenote_note":"","_monsterinsights_sitenote_category":0,"_uf_show_specific_survey":0,"_uf_disable_surveys":false,"jetpack_post_was_ever_published":false,"_jetpack_newsletter_access":"","_jetpack_dont_email_post_to_subs":false,"_jetpack_newsletter_tier_id":0,"_jetpack_memberships_contains_paywalled_content":false,"_jetpack_memberships_contains_paid_content":false,"footnotes":"","jetpack_publicize_message":"","jetpack_publicize_feature_enabled":true,"jetpack_social_post_already_shared":true,"jetpack_social_options":{"image_generator_settings":{"template":"highway","default_image_id":0,"font":"","enabled":false},"version":2}},"categories":[4,18],"tags":[705,68,272],"class_list":["post-59662","post","type-post","status-publish","format-standard","has-post-thumbnail","hentry","category-destacadas","category-politica","tag-elecciones-presidenciales-2023","tag-sergio-massa","tag-union-por-la-patria"],"aioseo_notices":[],"views":12,"jetpack_publicize_connections":[],"jetpack_featured_media_url":"https:\/\/i0.wp.com\/elterritorialweb.com.ar\/web\/wp-content\/uploads\/2023\/10\/SERGIO-MASSA-2.jpg?fit=960%2C640","jetpack_sharing_enabled":true,"_links":{"self":[{"href":"http:\/\/elterritorialweb.com.ar\/web\/wp-json\/wp\/v2\/posts\/59662","targetHints":{"allow":["GET"]}}],"collection":[{"href":"http:\/\/elterritorialweb.com.ar\/web\/wp-json\/wp\/v2\/posts"}],"about":[{"href":"http:\/\/elterritorialweb.com.ar\/web\/wp-json\/wp\/v2\/types\/post"}],"author":[{"embeddable":true,"href":"http:\/\/elterritorialweb.com.ar\/web\/wp-json\/wp\/v2\/users\/2"}],"replies":[{"embeddable":true,"href":"http:\/\/elterritorialweb.com.ar\/web\/wp-json\/wp\/v2\/comments?post=59662"}],"version-history":[{"count":1,"href":"http:\/\/elterritorialweb.com.ar\/web\/wp-json\/wp\/v2\/posts\/59662\/revisions"}],"predecessor-version":[{"id":59664,"href":"http:\/\/elterritorialweb.com.ar\/web\/wp-json\/wp\/v2\/posts\/59662\/revisions\/59664"}],"wp:featuredmedia":[{"embeddable":true,"href":"http:\/\/elterritorialweb.com.ar\/web\/wp-json\/wp\/v2\/media\/59663"}],"wp:attachment":[{"href":"http:\/\/elterritorialweb.com.ar\/web\/wp-json\/wp\/v2\/media?parent=59662"}],"wp:term":[{"taxonomy":"category","embeddable":true,"href":"http:\/\/elterritorialweb.com.ar\/web\/wp-json\/wp\/v2\/categories?post=59662"},{"taxonomy":"post_tag","embeddable":true,"href":"http:\/\/elterritorialweb.com.ar\/web\/wp-json\/wp\/v2\/tags?post=59662"}],"curies":[{"name":"wp","href":"https:\/\/api.w.org\/{rel}","templated":true}]}}