{"id":606,"date":"2020-02-24T16:18:45","date_gmt":"2020-02-24T16:18:45","guid":{"rendered":"http:\/\/elterritorialweb.com.ar\/web\/?p=606"},"modified":"2020-02-24T16:18:48","modified_gmt":"2020-02-24T16:18:48","slug":"caida-en-la-rentabilidad-buscan-pactar-alquileres-en-dolares","status":"publish","type":"post","link":"http:\/\/elterritorialweb.com.ar\/web\/caida-en-la-rentabilidad-buscan-pactar-alquileres-en-dolares\/","title":{"rendered":"CA\u00cdDA EN LA RENTABILIDAD: BUSCAN PACTAR ALQUILERES EN DOLARES"},"content":{"rendered":"\n<p> Por la p\u00e9rdida de la rentabilidad de los alquileres, crece el n\u00famero de propietarios en la ciudad de Buenos Aires que buscan cerrar contratos de alquiler con precio en d\u00f3lares. Seg\u00fan un revelamiento de la plataforma Zonaprop, desde mediados de 2017 en adelante los precios de los alquileres porte\u00f1os se ajustaron por debajo de la inflaci\u00f3n general y de la devaluaci\u00f3n de la moneda nacional.Esta menor rentabilidad para los propietarios gener\u00f3 un aumento del porcentaje de avisos de alquiler de departamentos nominados en d\u00f3lares. A inicio de 2016 la oferta de alquileres en d\u00f3lares representaba 10% del total, hoy supera el 26 por ciento, seg\u00fan los avisos publicados en la plataforma inmobiliaria. En el c\u00e1lculo, no se incluyen los alquileres temporales que, en general, est\u00e1n expresados en moneda estadounidense. <\/p>\n\n\n\n<figure class=\"wp-block-image size-large\"><img data-recalc-dims=\"1\" decoding=\"async\" width=\"640\" height=\"427\" data-src=\"https:\/\/i0.wp.com\/elterritorialweb.com.ar\/web\/wp-content\/uploads\/2020\/02\/EDIFICIOS-EN-ALQUILER.png?resize=640%2C427\" alt=\"\" class=\"wp-image-608 lazyload\" data-srcset=\"https:\/\/i0.wp.com\/elterritorialweb.com.ar\/web\/wp-content\/uploads\/2020\/02\/EDIFICIOS-EN-ALQUILER.png?w=750 750w, https:\/\/i0.wp.com\/elterritorialweb.com.ar\/web\/wp-content\/uploads\/2020\/02\/EDIFICIOS-EN-ALQUILER.png?resize=300%2C200 300w, https:\/\/i0.wp.com\/elterritorialweb.com.ar\/web\/wp-content\/uploads\/2020\/02\/EDIFICIOS-EN-ALQUILER.png?resize=675%2C450 675w\" data-sizes=\"(max-width: 640px) 100vw, 640px\" src=\"data:image\/svg+xml;base64,PHN2ZyB3aWR0aD0iMSIgaGVpZ2h0PSIxIiB4bWxucz0iaHR0cDovL3d3dy53My5vcmcvMjAwMC9zdmciPjwvc3ZnPg==\" style=\"--smush-placeholder-width: 640px; --smush-placeholder-aspect-ratio: 640\/427;\" \/><\/figure>\n","protected":false},"excerpt":{"rendered":"<p>A inicio de 2016 la oferta de alquileres en d\u00f3lares representaba 10% del total, hoy ya supera el 26 por ciento. En Puerto Madero, el 81% de los avisos est\u00e1n nominados en la moneda estadounidense<\/p>\n","protected":false},"author":2,"featured_media":607,"comment_status":"open","ping_status":"open","sticky":false,"template":"","format":"standard","meta":{"om_disable_all_campaigns":false,"_monsterinsights_skip_tracking":false,"_monsterinsights_sitenote_active":false,"_monsterinsights_sitenote_note":"","_monsterinsights_sitenote_category":0,"_uf_show_specific_survey":0,"_uf_disable_surveys":false,"jetpack_post_was_ever_published":false,"_jetpack_newsletter_access":"","_jetpack_dont_email_post_to_subs":false,"_jetpack_newsletter_tier_id":0,"_jetpack_memberships_contains_paywalled_content":false,"_jetpack_memberships_contains_paid_content":false,"footnotes":"","jetpack_publicize_message":"","jetpack_publicize_feature_enabled":true,"jetpack_social_post_already_shared":false,"jetpack_social_options":{"image_generator_settings":{"template":"highway","default_image_id":0,"font":"","enabled":false},"version":2}},"categories":[2],"tags":[],"class_list":["post-606","post","type-post","status-publish","format-standard","has-post-thumbnail","hentry","category-economia"],"aioseo_notices":[],"views":9,"jetpack_publicize_connections":[],"jetpack_featured_media_url":"https:\/\/i0.wp.com\/elterritorialweb.com.ar\/web\/wp-content\/uploads\/2020\/02\/EDIFICIOS-EN-ALQUILER-1.png?fit=225%2C224","jetpack_sharing_enabled":true,"_links":{"self":[{"href":"http:\/\/elterritorialweb.com.ar\/web\/wp-json\/wp\/v2\/posts\/606","targetHints":{"allow":["GET"]}}],"collection":[{"href":"http:\/\/elterritorialweb.com.ar\/web\/wp-json\/wp\/v2\/posts"}],"about":[{"href":"http:\/\/elterritorialweb.com.ar\/web\/wp-json\/wp\/v2\/types\/post"}],"author":[{"embeddable":true,"href":"http:\/\/elterritorialweb.com.ar\/web\/wp-json\/wp\/v2\/users\/2"}],"replies":[{"embeddable":true,"href":"http:\/\/elterritorialweb.com.ar\/web\/wp-json\/wp\/v2\/comments?post=606"}],"version-history":[{"count":1,"href":"http:\/\/elterritorialweb.com.ar\/web\/wp-json\/wp\/v2\/posts\/606\/revisions"}],"predecessor-version":[{"id":609,"href":"http:\/\/elterritorialweb.com.ar\/web\/wp-json\/wp\/v2\/posts\/606\/revisions\/609"}],"wp:featuredmedia":[{"embeddable":true,"href":"http:\/\/elterritorialweb.com.ar\/web\/wp-json\/wp\/v2\/media\/607"}],"wp:attachment":[{"href":"http:\/\/elterritorialweb.com.ar\/web\/wp-json\/wp\/v2\/media?parent=606"}],"wp:term":[{"taxonomy":"category","embeddable":true,"href":"http:\/\/elterritorialweb.com.ar\/web\/wp-json\/wp\/v2\/categories?post=606"},{"taxonomy":"post_tag","embeddable":true,"href":"http:\/\/elterritorialweb.com.ar\/web\/wp-json\/wp\/v2\/tags?post=606"}],"curies":[{"name":"wp","href":"https:\/\/api.w.org\/{rel}","templated":true}]}}