{"id":60740,"date":"2023-11-20T19:35:51","date_gmt":"2023-11-20T19:35:51","guid":{"rendered":"http:\/\/elterritorialweb.com.ar\/web\/?p=60740"},"modified":"2023-11-20T19:35:53","modified_gmt":"2023-11-20T19:35:53","slug":"se-postergo-la-reunion-entre-javier-milei-y-alberto-fernandez-por-la-transicion","status":"publish","type":"post","link":"http:\/\/elterritorialweb.com.ar\/web\/se-postergo-la-reunion-entre-javier-milei-y-alberto-fernandez-por-la-transicion\/","title":{"rendered":"SE POSTERG\u00d3 LA REUNI\u00d3N ENTRE JAVIER MILEI Y ALBERTO FERN\u00c1NDEZ POR LA TRANSICI\u00d3N"},"content":{"rendered":"\n<p>La reuni\u00f3n programada para ordenar el traspaso de mando entre el actual presidente, Alberto Fern\u00e1ndez, y el electo, Javier Milei, por el momento no tiene fecha ni horario. En principio iba a ser este mismo lunes, pero\u00a0<strong>fue postergada ya que restan ultimar detalles del intercambio.<\/strong><\/p>\n\n\n\n<p>A pesar de las confirmaciones de ambos lados, el encuentro a\u00fan es una suma de voluntades que persigue la intenci\u00f3n de garantizar el orden en el cambio de gobierno que asumir\u00e1 a partir del domingo 10 de diciembre.<\/p>\n\n\n\n<p>El mandatario ya se hab\u00eda expresado en redes sociales para felicitar al candidato por Uni\u00f3n por la Patria. \u201cSoy un hombre de la democracia, y nada valoro m\u00e1s que el veredicto popular. Conf\u00edo en que ma\u00f1ana mismo podamos empezar a trabajar con Javier Miei para garantizar una transici\u00f3n ordenada\u201d, indic\u00f3.<\/p>\n\n\n\n<figure class=\"wp-block-image size-full\"><a href=\"https:\/\/i0.wp.com\/elterritorialweb.com.ar\/web\/wp-content\/uploads\/2023\/11\/image-11.png\"><img data-recalc-dims=\"1\" decoding=\"async\" width=\"640\" height=\"161\" data-src=\"https:\/\/i0.wp.com\/elterritorialweb.com.ar\/web\/wp-content\/uploads\/2023\/11\/image-11.png?resize=640%2C161\" alt=\"\" class=\"wp-image-60741 lazyload\" data-srcset=\"https:\/\/i0.wp.com\/elterritorialweb.com.ar\/web\/wp-content\/uploads\/2023\/11\/image-11.png?w=790 790w, https:\/\/i0.wp.com\/elterritorialweb.com.ar\/web\/wp-content\/uploads\/2023\/11\/image-11.png?resize=300%2C76 300w, https:\/\/i0.wp.com\/elterritorialweb.com.ar\/web\/wp-content\/uploads\/2023\/11\/image-11.png?resize=768%2C193 768w\" data-sizes=\"(max-width: 640px) 100vw, 640px\" src=\"data:image\/svg+xml;base64,PHN2ZyB3aWR0aD0iMSIgaGVpZ2h0PSIxIiB4bWxucz0iaHR0cDovL3d3dy53My5vcmcvMjAwMC9zdmciPjwvc3ZnPg==\" style=\"--smush-placeholder-width: 640px; --smush-placeholder-aspect-ratio: 640\/161;\" \/><\/a><\/figure>\n\n\n\n<p>El candidato de LLA fue electo para el per\u00edodo del 2023-2027 luego de obtener el 55,69% de los votos contra el 44,30% de Sergio Massa. El vencedor anunci\u00f3: \u201cma\u00f1ana desde la primera hora de la ma\u00f1ana\u201d se pondr\u00e1 \u201ca trabajar para que el 10 de diciembre podamos traer las soluciones que los argentinos necesitan\u201d.<\/p>\n\n\n\n<p>La transici\u00f3n ser\u00e1 el 10 de diciembre y la asunci\u00f3n oficial, mientras tanto, quedan 20 d\u00edas de mandato de Alberto y de Massa frente al Ministerio de Econom\u00eda.<\/p>\n","protected":false},"excerpt":{"rendered":"<p>El encuentro entre el presidente electo y el saliente se iba a realizar el lunes por la tarde, pero restan ultimar detalles.<\/p>\n","protected":false},"author":2,"featured_media":60742,"comment_status":"open","ping_status":"open","sticky":false,"template":"","format":"standard","meta":{"om_disable_all_campaigns":false,"_monsterinsights_skip_tracking":false,"_monsterinsights_sitenote_active":false,"_monsterinsights_sitenote_note":"","_monsterinsights_sitenote_category":0,"_uf_show_specific_survey":0,"_uf_disable_surveys":false,"jetpack_post_was_ever_published":false,"_jetpack_newsletter_access":"","_jetpack_dont_email_post_to_subs":false,"_jetpack_newsletter_tier_id":0,"_jetpack_memberships_contains_paywalled_content":false,"_jetpack_memberships_contains_paid_content":false,"footnotes":"","jetpack_publicize_message":"","jetpack_publicize_feature_enabled":true,"jetpack_social_post_already_shared":true,"jetpack_social_options":{"image_generator_settings":{"template":"highway","default_image_id":0,"font":"","enabled":false},"version":2}},"categories":[4,18],"tags":[88,92],"class_list":["post-60740","post","type-post","status-publish","format-standard","has-post-thumbnail","hentry","category-destacadas","category-politica","tag-alberto-fernandez","tag-javier-milei"],"aioseo_notices":[],"views":16,"jetpack_publicize_connections":[],"jetpack_featured_media_url":"https:\/\/i0.wp.com\/elterritorialweb.com.ar\/web\/wp-content\/uploads\/2023\/11\/albertofernandezmilei.webp?fit=800%2C599","jetpack_sharing_enabled":true,"_links":{"self":[{"href":"http:\/\/elterritorialweb.com.ar\/web\/wp-json\/wp\/v2\/posts\/60740","targetHints":{"allow":["GET"]}}],"collection":[{"href":"http:\/\/elterritorialweb.com.ar\/web\/wp-json\/wp\/v2\/posts"}],"about":[{"href":"http:\/\/elterritorialweb.com.ar\/web\/wp-json\/wp\/v2\/types\/post"}],"author":[{"embeddable":true,"href":"http:\/\/elterritorialweb.com.ar\/web\/wp-json\/wp\/v2\/users\/2"}],"replies":[{"embeddable":true,"href":"http:\/\/elterritorialweb.com.ar\/web\/wp-json\/wp\/v2\/comments?post=60740"}],"version-history":[{"count":1,"href":"http:\/\/elterritorialweb.com.ar\/web\/wp-json\/wp\/v2\/posts\/60740\/revisions"}],"predecessor-version":[{"id":60743,"href":"http:\/\/elterritorialweb.com.ar\/web\/wp-json\/wp\/v2\/posts\/60740\/revisions\/60743"}],"wp:featuredmedia":[{"embeddable":true,"href":"http:\/\/elterritorialweb.com.ar\/web\/wp-json\/wp\/v2\/media\/60742"}],"wp:attachment":[{"href":"http:\/\/elterritorialweb.com.ar\/web\/wp-json\/wp\/v2\/media?parent=60740"}],"wp:term":[{"taxonomy":"category","embeddable":true,"href":"http:\/\/elterritorialweb.com.ar\/web\/wp-json\/wp\/v2\/categories?post=60740"},{"taxonomy":"post_tag","embeddable":true,"href":"http:\/\/elterritorialweb.com.ar\/web\/wp-json\/wp\/v2\/tags?post=60740"}],"curies":[{"name":"wp","href":"https:\/\/api.w.org\/{rel}","templated":true}]}}