{"id":60750,"date":"2023-11-20T20:44:42","date_gmt":"2023-11-20T20:44:42","guid":{"rendered":"http:\/\/elterritorialweb.com.ar\/web\/?p=60750"},"modified":"2023-11-20T20:48:21","modified_gmt":"2023-11-20T20:48:21","slug":"la-mesa-de-enlace-felicito-a-milei-y-piden-cambios-en-la-politica-agropecuaria","status":"publish","type":"post","link":"http:\/\/elterritorialweb.com.ar\/web\/la-mesa-de-enlace-felicito-a-milei-y-piden-cambios-en-la-politica-agropecuaria\/","title":{"rendered":"LA MESA DE ENLACE FELICIT\u00d3 A MILEI Y PIDEN CAMBIOS EN LA POL\u00cdTICA AGROPECUARIA"},"content":{"rendered":"\n<p>Las cuatro entidades que conforman la\u00a0<strong>Mesa de Enlace<\/strong>\u00a0felicitaron al\u00a0<strong>presidente electo, Javier Milei<\/strong>, con quien expresaron que trabajar\u00e1n \u00abcodo a codo\u00bb para\u00a0<strong>\u00abencaminar la falta de oportunidades\u00bb<\/strong>\u00a0y que los productores puedan \u00abrecuperar la confianza para producir\u00bb. Adem\u00e1s,\u00a0<strong>pidieron cambiar la pol\u00edtica agropecuaria.<\/strong><\/p>\n\n\n\n<p>El presidente de la&nbsp;<strong>Sociedad Rural Argentina<\/strong>, Nicol\u00e1s Pino, marc\u00f3 que \u00abel nuevo gobierno contar\u00e1 con el apoyo del campo, porque ahora se abre una gran oportunidad para trabajar juntos para hacer un cambio radical en las pol\u00edticas actuales\u00bb.<\/p>\n\n\n\n<p>En tanto, expuso que habr\u00e1 un trabajo en conjunto con Milei: \u00abTrabajaremos codo a codo para que el nuevo Presidente pueda&nbsp;<strong>encaminar la falta de oportunidades que tienen muchos argentinos y que los productores podamos recuperar la confianza para producir\u00bb.<\/strong><\/p>\n\n\n\n<p>Tambi\u00e9n apunt\u00f3 hacia los objetivos de la nueva gesti\u00f3n ya que advirti\u00f3 que \u00abhabr\u00e1 que generar las condiciones de inversi\u00f3n, en el marco del\u00a0<strong>fortalecimiento de la seguridad jur\u00eddica y confianza<\/strong>, y un aumento de la competitividad a trav\u00e9s de una baja del costo argentino, y los impuestos distorsivos a la producci\u00f3n\u00bb.<\/p>\n\n\n\n<figure class=\"wp-block-image size-full\"><a href=\"https:\/\/i0.wp.com\/elterritorialweb.com.ar\/web\/wp-content\/uploads\/2023\/11\/image-13.png\"><img data-recalc-dims=\"1\" decoding=\"async\" width=\"640\" height=\"480\" data-src=\"https:\/\/i0.wp.com\/elterritorialweb.com.ar\/web\/wp-content\/uploads\/2023\/11\/image-13.png?resize=640%2C480\" alt=\"\" class=\"wp-image-60754 lazyload\" data-srcset=\"https:\/\/i0.wp.com\/elterritorialweb.com.ar\/web\/wp-content\/uploads\/2023\/11\/image-13.png?w=730 730w, https:\/\/i0.wp.com\/elterritorialweb.com.ar\/web\/wp-content\/uploads\/2023\/11\/image-13.png?resize=300%2C225 300w\" data-sizes=\"(max-width: 640px) 100vw, 640px\" src=\"data:image\/svg+xml;base64,PHN2ZyB3aWR0aD0iMSIgaGVpZ2h0PSIxIiB4bWxucz0iaHR0cDovL3d3dy53My5vcmcvMjAwMC9zdmciPjwvc3ZnPg==\" style=\"--smush-placeholder-width: 640px; --smush-placeholder-aspect-ratio: 640\/480;\" \/><\/a><\/figure>\n\n\n\n<p>Por su parte, el presidente de la&nbsp;<strong>Federaci\u00f3n Agraria Argentina<\/strong>, Carlos Achetoni, congratul\u00f3 y destac\u00f3 la importancia de contar con consentimientos: \u00abLa profundidad de los problemas que tenemos probablemente requiera de amplios apoyos y consensos, por lo que esperamos poder aportar desde nuestro sector\u00bb.<\/p>\n\n\n\n<p>\u00abEsperamos que en estos d\u00edas que quedan del gobierno que concluye, puedan articularse quienes se van con quienes llegan, para hacer una\u00a0<strong>transici\u00f3n ordenada<\/strong>\u00a0y no aumentar las complicaciones que ya tenemos. Los argentinos se expresaron, esperemos que los pol\u00edticos est\u00e9n a la altura de lo que se les pidi\u00f3. Ya terminados tantos meses de campa\u00f1as e internas, es tiempo de trabajar para sacar adelante a la Argentina\u00bb, agreg\u00f3 sobre el traspaso de mando.<\/p>\n\n\n\n<figure class=\"wp-block-image size-full\"><a href=\"https:\/\/i0.wp.com\/elterritorialweb.com.ar\/web\/wp-content\/uploads\/2023\/11\/image-14.png\"><img data-recalc-dims=\"1\" decoding=\"async\" width=\"640\" height=\"425\" data-src=\"https:\/\/i0.wp.com\/elterritorialweb.com.ar\/web\/wp-content\/uploads\/2023\/11\/image-14.png?resize=640%2C425\" alt=\"\" class=\"wp-image-60756 lazyload\" data-srcset=\"https:\/\/i0.wp.com\/elterritorialweb.com.ar\/web\/wp-content\/uploads\/2023\/11\/image-14.png?w=1024 1024w, https:\/\/i0.wp.com\/elterritorialweb.com.ar\/web\/wp-content\/uploads\/2023\/11\/image-14.png?resize=300%2C199 300w, https:\/\/i0.wp.com\/elterritorialweb.com.ar\/web\/wp-content\/uploads\/2023\/11\/image-14.png?resize=768%2C510 768w\" data-sizes=\"(max-width: 640px) 100vw, 640px\" src=\"data:image\/svg+xml;base64,PHN2ZyB3aWR0aD0iMSIgaGVpZ2h0PSIxIiB4bWxucz0iaHR0cDovL3d3dy53My5vcmcvMjAwMC9zdmciPjwvc3ZnPg==\" style=\"--smush-placeholder-width: 640px; --smush-placeholder-aspect-ratio: 640\/425;\" \/><\/a><\/figure>\n\n\n\n<p>Asimismo, el presidente de&nbsp;<strong>Confederaciones Rurales Argentinas<\/strong>, Carlos Castagnani, subray\u00f3 los prop\u00f3sitos que tendr\u00e1 el l\u00edder de La Libertad Avanza en su mandato. \u00abMilei debe convocar al sector productivo para trabajar de manera conjunta y delinear pol\u00edticas agropecuarias para el campo\u00bb, expres\u00f3.<\/p>\n\n\n\n<p>Adem\u00e1s, indic\u00f3 que se debe llegar a un crecimiento de la Argentina: \u00abAsimismo, la baja y eliminaci\u00f3n de impuestos como los derechos de exportaci\u00f3n esperamos que sea pronto y empezar a transitar por el sendero del crecimiento de nuestro pa\u00eds\u00bb. Tambi\u00e9n remarc\u00f3 como necesario<strong>\u00a0\u00abvolver a ser Ministerio de Agricultura\u00bb<\/strong>\u00a0porque \u00abese rango tambi\u00e9n es importante\u00bb.<\/p>\n\n\n\n<figure class=\"wp-block-image size-full is-resized\"><a href=\"https:\/\/i0.wp.com\/elterritorialweb.com.ar\/web\/wp-content\/uploads\/2023\/11\/carlos-castagnani-2023-207260.webp\"><img data-recalc-dims=\"1\" decoding=\"async\" data-src=\"https:\/\/i0.wp.com\/elterritorialweb.com.ar\/web\/wp-content\/uploads\/2023\/11\/carlos-castagnani-2023-207260.webp?resize=640%2C387\" alt=\"\" class=\"wp-image-60757 lazyload\" width=\"640\" height=\"387\" src=\"data:image\/svg+xml;base64,PHN2ZyB3aWR0aD0iMSIgaGVpZ2h0PSIxIiB4bWxucz0iaHR0cDovL3d3dy53My5vcmcvMjAwMC9zdmciPjwvc3ZnPg==\" style=\"--smush-placeholder-width: 640px; --smush-placeholder-aspect-ratio: 640\/387;\" \/><\/a><\/figure>\n\n\n\n<p>En tanto, el&nbsp;<strong>Consejo Agroindustrial Argentino<\/strong>&nbsp;se sum\u00f3 a las felicitaciones a Milei: \u00abEn un proceso electoral marcado por la voluntad de cambio, la gente habl\u00f3 en las urnas buscando un futuro de transformaci\u00f3n pac\u00edfica. Felicitamos al nuevo presidente y hacemos un llamado a una transici\u00f3n ordenada. Estamos listos para colaborar en la construcci\u00f3n de un mejor ma\u00f1ana\u00bb.<\/p>\n\n\n\n<h3 class=\"wp-block-heading\">Coninagro inst\u00f3 que se necesita \u00abtranquilidad para seguir produciendo\u00bb<\/h3>\n\n\n\n<p><strong>La Confederaci\u00f3n Intercooperativa Agropecuaria Limitada\u00a0(Coninagro)<\/strong>\u00a0se expres\u00f3 luego del triunfo del l\u00edder de La Libertad Avanza,\u00a0<strong>Javier Milei<\/strong>, en el balotaje presidencial de este domingo y marcaron que necesitan \u00abtranquilidad para seguir produciendo\u00bb.<\/p>\n\n\n\n<p>En un comunicado, Coninagro remarc\u00f3 lo que aguardan luego de la votaci\u00f3n de este domingo: \u00abA 40 a\u00f1os de recuperada la democracia, estamos ante el inicio de una nueva etapa, que&nbsp;<strong>esperamos lleve bienestar al conjunto de los argentinos\u00bb.<\/strong><\/p>\n\n\n\n<p>\u00abUna etapa donde esperamos se refuerce la unidad, la b\u00fasqueda acelerada de los consensos, y podamos contar con los cambios que el campo y nuestras cooperativas agroindustriales de todo el pa\u00eds necesitan para&nbsp;<strong>generar m\u00e1s trabajo genuino\u00bb<\/strong>, remarcaron sobre lo que esperan.<\/p>\n\n\n\n<p>Luego, expusieron la expectativa por las expresiones del libertario: \u00abEl pueblo argentino muestra una vez m\u00e1s el valor de la democracia y expectativa ante el nuevo presidente. Aguardamos cu\u00e1les ser\u00e1n los anuncios y las primeras definiciones que realice el Presidente electo.&nbsp;<strong>Necesitamos tranquilidad para seguir produciendo<\/strong>&nbsp;y de esta manera generar confianza que todos necesitamos para llevar adelante nuestra vida y trabajo diario\u00bb.<\/p>\n\n\n\n<p>Por \u00faltimo, describieron los objetivos que tendr\u00e1 el nuevo mandatario: \u00abEl nuevo Presidente, consideramos, deber\u00e1 abocarse en forma urgente a&nbsp;<strong>resolver inflaci\u00f3n, atraso y brecha cambiaria, y liberaci\u00f3n de los mercados<\/strong>&nbsp;para generar m\u00e1s exportaci\u00f3n\u00bb.<\/p>\n","protected":false},"excerpt":{"rendered":"<p>Las cuatro entidades marcaron que trabajar\u00e1n con el presidente electo para \u00abencaminar la falta de productores\u00bb y que los productores puedan \u00abrecuperar la confianza para producir\u00bb.<\/p>\n","protected":false},"author":2,"featured_media":60752,"comment_status":"open","ping_status":"open","sticky":false,"template":"","format":"standard","meta":{"om_disable_all_campaigns":false,"_monsterinsights_skip_tracking":false,"_monsterinsights_sitenote_active":false,"_monsterinsights_sitenote_note":"","_monsterinsights_sitenote_category":0,"_uf_show_specific_survey":0,"_uf_disable_surveys":false,"jetpack_post_was_ever_published":false,"_jetpack_newsletter_access":"","_jetpack_dont_email_post_to_subs":false,"_jetpack_newsletter_tier_id":0,"_jetpack_memberships_contains_paywalled_content":false,"_jetpack_memberships_contains_paid_content":false,"footnotes":"","jetpack_publicize_message":"","jetpack_publicize_feature_enabled":true,"jetpack_social_post_already_shared":true,"jetpack_social_options":{"image_generator_settings":{"template":"highway","default_image_id":0,"font":"","enabled":false},"version":2}},"categories":[4,18],"tags":[92],"class_list":["post-60750","post","type-post","status-publish","format-standard","has-post-thumbnail","hentry","category-destacadas","category-politica","tag-javier-milei"],"aioseo_notices":[],"views":11,"jetpack_publicize_connections":[],"jetpack_featured_media_url":"https:\/\/i0.wp.com\/elterritorialweb.com.ar\/web\/wp-content\/uploads\/2023\/11\/MESA-DE-ENLACE-1.jpg?fit=1500%2C870","jetpack_sharing_enabled":true,"_links":{"self":[{"href":"http:\/\/elterritorialweb.com.ar\/web\/wp-json\/wp\/v2\/posts\/60750","targetHints":{"allow":["GET"]}}],"collection":[{"href":"http:\/\/elterritorialweb.com.ar\/web\/wp-json\/wp\/v2\/posts"}],"about":[{"href":"http:\/\/elterritorialweb.com.ar\/web\/wp-json\/wp\/v2\/types\/post"}],"author":[{"embeddable":true,"href":"http:\/\/elterritorialweb.com.ar\/web\/wp-json\/wp\/v2\/users\/2"}],"replies":[{"embeddable":true,"href":"http:\/\/elterritorialweb.com.ar\/web\/wp-json\/wp\/v2\/comments?post=60750"}],"version-history":[{"count":2,"href":"http:\/\/elterritorialweb.com.ar\/web\/wp-json\/wp\/v2\/posts\/60750\/revisions"}],"predecessor-version":[{"id":60758,"href":"http:\/\/elterritorialweb.com.ar\/web\/wp-json\/wp\/v2\/posts\/60750\/revisions\/60758"}],"wp:featuredmedia":[{"embeddable":true,"href":"http:\/\/elterritorialweb.com.ar\/web\/wp-json\/wp\/v2\/media\/60752"}],"wp:attachment":[{"href":"http:\/\/elterritorialweb.com.ar\/web\/wp-json\/wp\/v2\/media?parent=60750"}],"wp:term":[{"taxonomy":"category","embeddable":true,"href":"http:\/\/elterritorialweb.com.ar\/web\/wp-json\/wp\/v2\/categories?post=60750"},{"taxonomy":"post_tag","embeddable":true,"href":"http:\/\/elterritorialweb.com.ar\/web\/wp-json\/wp\/v2\/tags?post=60750"}],"curies":[{"name":"wp","href":"https:\/\/api.w.org\/{rel}","templated":true}]}}