{"id":60999,"date":"2023-11-26T19:03:51","date_gmt":"2023-11-26T19:03:51","guid":{"rendered":"http:\/\/elterritorialweb.com.ar\/web\/?p=60999"},"modified":"2023-11-26T19:04:24","modified_gmt":"2023-11-26T19:04:24","slug":"milei-viaja-rumbo-a-estado-unidos-para-entablar-vinculos-con-la-administracion-de-joe-biden","status":"publish","type":"post","link":"http:\/\/elterritorialweb.com.ar\/web\/milei-viaja-rumbo-a-estado-unidos-para-entablar-vinculos-con-la-administracion-de-joe-biden\/","title":{"rendered":"MILEI VIAJA A ESTADOS UNIDOS PARA ENTABLAR V\u00cdNCULOS CON LA ADMINISTRACI\u00d3N DE JOE BIDEN"},"content":{"rendered":"\n<p>Tras algunas dilaciones, finalmente el presidente electo,<strong>\u00a0Javier Milei, viaja este domingo rumbo a Washington\u00a0para entablar v\u00ednculos con la administraci\u00f3n de Joe Biden<\/strong>. En Estados Unidos, donde estar\u00e1 acompa\u00f1ado por Luis \u00abToto\u00bb Caputo (posible ministro de Econom\u00eda) y Nicol\u00e1s Posse (futuro jefe de Gabinete), mantendr\u00e1 encuentros con distintos funcionarios y buscar\u00e1 avanzar en una nueva hoja de ruta de relaciones bilaterales.<\/p>\n\n\n\n<p>El viaje estaba anunciado para el viernes, pero fue suspendido en medio de la interna por el armado del Gabinete que se fue desarrollando durante su primera semana como mandatario electo.<\/p>\n\n\n\n<p>En un principio, se trataba de un viaje de car\u00e1cter personal, atravesado por lo religioso.\u00a0<strong>\u00abTengo planeado ir a Estados Unidos, a Nueva York, es una cuesti\u00f3n espiritual. Voy a ir donde rezaba el rebe\u00bb<\/strong>, hab\u00eda explicado Milei.<\/p>\n\n\n\n<p>Se trata de la tumba del rabino&nbsp;<strong>Menachem Mendel Schneerson<\/strong>, conocido como \u00abel rebe de Lubavitch\u00bb y considerado milagroso, que se encuentra en Queens, Nueva York, a donde Milei ya hab\u00eda viajado antes de las PASO de agosto.<\/p>\n\n\n\n<p><strong>Sin embargo, la traves\u00eda del libertario tambi\u00e9n ser\u00e1 de \u00edndole pol\u00edtica<\/strong>. Se reunir\u00e1 con el mandatario norteamericano y buscar\u00e1 tender puentes para establecer relaciones entre su gobierno y la administraci\u00f3n de Biden.<\/p>\n\n\n\n<p>En primer lugar,&nbsp;<strong>el presidente electo ir\u00e1 a Ohel<\/strong>, la estructura que protege la tumba del rebe de Lubavitch en el cementerio de Queens, con la intenci\u00f3n de \u00abdar las gracias por el lugar que le ha dado Hashem (Dios en hebreo)\u00bb.<\/p>\n\n\n\n<p>Luego,&nbsp;<strong>se trasladar\u00e1 a la capital norteamericana para mantener reuniones de trabajo&nbsp;<\/strong>con miras a lo que ocurra tras su asunci\u00f3n el 10 de diciembre.<\/p>\n","protected":false},"excerpt":{"rendered":"<p>El presidente electo viajar\u00e1 a Washington acompa\u00f1ado por Luis \u201cToto\u201d Caputo y Nicol\u00e1s Posse. Mantendr\u00e1 encuentros con distintos funcionarios y buscar\u00e1 avanzar en una nueva hoja de ruta de relaciones bilaterales.<\/p>\n","protected":false},"author":2,"featured_media":61000,"comment_status":"open","ping_status":"open","sticky":false,"template":"","format":"standard","meta":{"om_disable_all_campaigns":false,"_monsterinsights_skip_tracking":false,"_monsterinsights_sitenote_active":false,"_monsterinsights_sitenote_note":"","_monsterinsights_sitenote_category":0,"_uf_show_specific_survey":0,"_uf_disable_surveys":false,"jetpack_post_was_ever_published":false,"_jetpack_newsletter_access":"","_jetpack_dont_email_post_to_subs":false,"_jetpack_newsletter_tier_id":0,"_jetpack_memberships_contains_paywalled_content":false,"_jetpack_memberships_contains_paid_content":false,"footnotes":"","jetpack_publicize_message":"","jetpack_publicize_feature_enabled":true,"jetpack_social_post_already_shared":true,"jetpack_social_options":{"image_generator_settings":{"template":"highway","default_image_id":0,"font":"","enabled":false},"version":2}},"categories":[4,18],"tags":[92,687],"class_list":["post-60999","post","type-post","status-publish","format-standard","has-post-thumbnail","hentry","category-destacadas","category-politica","tag-javier-milei","tag-la-libertad-avanza"],"aioseo_notices":[],"views":16,"jetpack_publicize_connections":[],"jetpack_featured_media_url":"https:\/\/i0.wp.com\/elterritorialweb.com.ar\/web\/wp-content\/uploads\/2023\/11\/MILEI-VIAJA-A-EEUU.jpg?fit=1200%2C675","jetpack_sharing_enabled":true,"_links":{"self":[{"href":"http:\/\/elterritorialweb.com.ar\/web\/wp-json\/wp\/v2\/posts\/60999","targetHints":{"allow":["GET"]}}],"collection":[{"href":"http:\/\/elterritorialweb.com.ar\/web\/wp-json\/wp\/v2\/posts"}],"about":[{"href":"http:\/\/elterritorialweb.com.ar\/web\/wp-json\/wp\/v2\/types\/post"}],"author":[{"embeddable":true,"href":"http:\/\/elterritorialweb.com.ar\/web\/wp-json\/wp\/v2\/users\/2"}],"replies":[{"embeddable":true,"href":"http:\/\/elterritorialweb.com.ar\/web\/wp-json\/wp\/v2\/comments?post=60999"}],"version-history":[{"count":3,"href":"http:\/\/elterritorialweb.com.ar\/web\/wp-json\/wp\/v2\/posts\/60999\/revisions"}],"predecessor-version":[{"id":61003,"href":"http:\/\/elterritorialweb.com.ar\/web\/wp-json\/wp\/v2\/posts\/60999\/revisions\/61003"}],"wp:featuredmedia":[{"embeddable":true,"href":"http:\/\/elterritorialweb.com.ar\/web\/wp-json\/wp\/v2\/media\/61000"}],"wp:attachment":[{"href":"http:\/\/elterritorialweb.com.ar\/web\/wp-json\/wp\/v2\/media?parent=60999"}],"wp:term":[{"taxonomy":"category","embeddable":true,"href":"http:\/\/elterritorialweb.com.ar\/web\/wp-json\/wp\/v2\/categories?post=60999"},{"taxonomy":"post_tag","embeddable":true,"href":"http:\/\/elterritorialweb.com.ar\/web\/wp-json\/wp\/v2\/tags?post=60999"}],"curies":[{"name":"wp","href":"https:\/\/api.w.org\/{rel}","templated":true}]}}