{"id":61019,"date":"2023-11-27T00:42:42","date_gmt":"2023-11-27T00:42:42","guid":{"rendered":"http:\/\/elterritorialweb.com.ar\/web\/?p=61019"},"modified":"2023-11-27T01:44:05","modified_gmt":"2023-11-27T01:44:05","slug":"la-libertad-avanza-invito-a-lula-da-silva-a-la-asuncion-de-javier-milei","status":"publish","type":"post","link":"http:\/\/elterritorialweb.com.ar\/web\/la-libertad-avanza-invito-a-lula-da-silva-a-la-asuncion-de-javier-milei\/","title":{"rendered":"LA LIBERTAD AVANZA INVIT\u00d3 A LULA DA SILVA A LA ASUNCI\u00d3N DE JAVIER MILEI"},"content":{"rendered":"\n<p>La futura canciller de La Libertad Avanza,\u00a0<strong>Diana Mondino,<\/strong>\u00a0se reuni\u00f3 este domingo en Brasilia con el ministro de Relaciones Exteriores de ese pa\u00eds,\u00a0<strong>Mauro Vieira<\/strong>, como parte de la presentaci\u00f3n del Gobierno electo de\u00a0<strong>Javier Milei<\/strong>\u00a0ante el presidente\u00a0<strong>Luiz In\u00e1cio Lula da Silva.<\/strong><\/p>\n\n\n\n<p>En ese marco, Mondino le entreg\u00f3 a Vieira una invitaci\u00f3n para que Lula da Silva pueda estar presente en la\u00a0<strong>ceremonia de asunci\u00f3n de Milei<\/strong>\u00a0el pr\u00f3ximo 10 de diciembre.<\/p>\n\n\n\n<p>La reuni\u00f3n se inici\u00f3 pasadas las 13 como parte del acercamiento de la nueva administraci\u00f3n argentina a Brasil, a una semana de la elecci\u00f3n de Milei como presidente, y el encuentro cont\u00f3 con la participaci\u00f3n del embajador argentino en Brasilia,&nbsp;<strong>Daniel Scioli<\/strong>, y el brasile\u00f1o en Buenos Aires,&nbsp;<strong>Julio Bitelli.<\/strong><\/p>\n\n\n\n<p><strong>\u00ab\u00a1Bienvenida Diana Mondino a Brasil!\u00a0<\/strong>Ahora, en Itamaraty junto con el Canciller de Brasil, Mauro Vieira y el Embajador de Brasil en nuestro pa\u00eds, Julio Bitelli\u00bb, escribi\u00f3 el embajador en una publicaci\u00f3n en su cuenta de Twitter.<\/p>\n\n\n\n<figure class=\"wp-block-image size-full\"><a href=\"https:\/\/i0.wp.com\/elterritorialweb.com.ar\/web\/wp-content\/uploads\/2023\/11\/image-28.png\"><img data-recalc-dims=\"1\" decoding=\"async\" width=\"640\" height=\"485\" data-src=\"https:\/\/i0.wp.com\/elterritorialweb.com.ar\/web\/wp-content\/uploads\/2023\/11\/image-28.png?resize=640%2C485\" alt=\"\" class=\"wp-image-61020 lazyload\" data-srcset=\"https:\/\/i0.wp.com\/elterritorialweb.com.ar\/web\/wp-content\/uploads\/2023\/11\/image-28.png?w=790 790w, https:\/\/i0.wp.com\/elterritorialweb.com.ar\/web\/wp-content\/uploads\/2023\/11\/image-28.png?resize=300%2C227 300w, https:\/\/i0.wp.com\/elterritorialweb.com.ar\/web\/wp-content\/uploads\/2023\/11\/image-28.png?resize=768%2C582 768w\" data-sizes=\"(max-width: 640px) 100vw, 640px\" src=\"data:image\/svg+xml;base64,PHN2ZyB3aWR0aD0iMSIgaGVpZ2h0PSIxIiB4bWxucz0iaHR0cDovL3d3dy53My5vcmcvMjAwMC9zdmciPjwvc3ZnPg==\" style=\"--smush-placeholder-width: 640px; --smush-placeholder-aspect-ratio: 640\/485;\" \/><\/a><\/figure>\n\n\n\n<p>La invitaci\u00f3n ocurri\u00f3 luego de que el presidente Milei invitara el lunes pasado a la asunci\u00f3n al expresidente brasile\u00f1o&nbsp;<strong>Jair Bolsonaro<\/strong>, quien organiz\u00f3 una comitiva para el viaje a Buenos Aires de m\u00e1s de 20 personas, entre ellas tres gobernadores.<\/p>\n\n\n\n<h3 class=\"wp-block-heading\">\u00bfLula aceptar\u00e1 la invitaci\u00f3n de Milei?<\/h3>\n\n\n\n<p>Luego de que se confirmar\u00e1 la victoria de La Libertad Avanza en las urnas, el presidente de Brasil se comunic\u00f3 con Milei para felicitarlo y desearle suerte en su gesti\u00f3n.<\/p>\n\n\n\n<p>Ante la invitaci\u00f3n de participar en la asunci\u00f3n, el asesor especial de asuntos internacionales brasile\u00f1o,&nbsp;<strong>Celso Amorim,&nbsp;<\/strong>anunci\u00f3 que Lula no acudir\u00e1 a la ceremonia debido a que se sinti\u00f3 ofendido en t\u00e9rminos personales por los insultos del argentino.<\/p>\n\n\n\n<p>En varias oportunidades durante la campa\u00f1a, el economista libertario prometi\u00f3 que su gobierno iba a romper relaciones diplom\u00e1ticas con Brasil al asegurar que no har\u00eda \u201cpactos con comunistas\u201d.<\/p>\n\n\n\n<p><strong>\u00abDe lo que conozco al presidente Lula, veo dif\u00edcil que vaya a la asunci\u00f3n, porque se sinti\u00f3 personalmente ofendido, pero el Estado brasile\u00f1o estar\u00e1 representado\u00bb<\/strong>, dijo Amorim al diario&nbsp;<em>O Globo.<\/em><\/p>\n\n\n\n<p>Bolsonaro tambi\u00e9n se manifest\u00f3 al respecto y dijo que si Lula va a la asunci\u00f3n de Milei ser\u00e1 abucheado por los argentinos. \u00abSi Lula va (a la asunci\u00f3n) ser\u00e1 abucheado, se la tendr\u00e1 que aguantar\u00bb, expres\u00f3 el exmandatario de Brasil al diario&nbsp;<em>Folha de Sao Paulo.<\/em><\/p>\n","protected":false},"excerpt":{"rendered":"<p>Tras atacarlo duramente durante la campa\u00f1a, ahora el gobierno de Milei oficializ\u00f3 la invitaci\u00f3n para que el presidente Brasile\u00f1o sea parte de la ceremonia de asunci\u00f3n.<\/p>\n","protected":false},"author":2,"featured_media":61021,"comment_status":"open","ping_status":"open","sticky":false,"template":"","format":"standard","meta":{"om_disable_all_campaigns":false,"_monsterinsights_skip_tracking":false,"_monsterinsights_sitenote_active":false,"_monsterinsights_sitenote_note":"","_monsterinsights_sitenote_category":0,"_uf_show_specific_survey":0,"_uf_disable_surveys":false,"jetpack_post_was_ever_published":false,"_jetpack_newsletter_access":"","_jetpack_dont_email_post_to_subs":false,"_jetpack_newsletter_tier_id":0,"_jetpack_memberships_contains_paywalled_content":false,"_jetpack_memberships_contains_paid_content":false,"footnotes":"","jetpack_publicize_message":"","jetpack_publicize_feature_enabled":true,"jetpack_social_post_already_shared":true,"jetpack_social_options":{"image_generator_settings":{"template":"highway","default_image_id":0,"font":"","enabled":false},"version":2}},"categories":[18],"tags":[795,92,687,385],"class_list":["post-61019","post","type-post","status-publish","format-standard","has-post-thumbnail","hentry","category-politica","tag-brasil","tag-javier-milei","tag-la-libertad-avanza","tag-luiz-inacio-lula-da-silva"],"aioseo_notices":[],"views":15,"jetpack_publicize_connections":[],"jetpack_featured_media_url":"https:\/\/i0.wp.com\/elterritorialweb.com.ar\/web\/wp-content\/uploads\/2023\/11\/milei_lula-1280x720-1.png?fit=1280%2C720","jetpack_sharing_enabled":true,"_links":{"self":[{"href":"http:\/\/elterritorialweb.com.ar\/web\/wp-json\/wp\/v2\/posts\/61019","targetHints":{"allow":["GET"]}}],"collection":[{"href":"http:\/\/elterritorialweb.com.ar\/web\/wp-json\/wp\/v2\/posts"}],"about":[{"href":"http:\/\/elterritorialweb.com.ar\/web\/wp-json\/wp\/v2\/types\/post"}],"author":[{"embeddable":true,"href":"http:\/\/elterritorialweb.com.ar\/web\/wp-json\/wp\/v2\/users\/2"}],"replies":[{"embeddable":true,"href":"http:\/\/elterritorialweb.com.ar\/web\/wp-json\/wp\/v2\/comments?post=61019"}],"version-history":[{"count":1,"href":"http:\/\/elterritorialweb.com.ar\/web\/wp-json\/wp\/v2\/posts\/61019\/revisions"}],"predecessor-version":[{"id":61022,"href":"http:\/\/elterritorialweb.com.ar\/web\/wp-json\/wp\/v2\/posts\/61019\/revisions\/61022"}],"wp:featuredmedia":[{"embeddable":true,"href":"http:\/\/elterritorialweb.com.ar\/web\/wp-json\/wp\/v2\/media\/61021"}],"wp:attachment":[{"href":"http:\/\/elterritorialweb.com.ar\/web\/wp-json\/wp\/v2\/media?parent=61019"}],"wp:term":[{"taxonomy":"category","embeddable":true,"href":"http:\/\/elterritorialweb.com.ar\/web\/wp-json\/wp\/v2\/categories?post=61019"},{"taxonomy":"post_tag","embeddable":true,"href":"http:\/\/elterritorialweb.com.ar\/web\/wp-json\/wp\/v2\/tags?post=61019"}],"curies":[{"name":"wp","href":"https:\/\/api.w.org\/{rel}","templated":true}]}}