{"id":61309,"date":"2023-12-01T20:51:04","date_gmt":"2023-12-01T20:51:04","guid":{"rendered":"http:\/\/elterritorialweb.com.ar\/web\/?p=61309"},"modified":"2023-12-01T20:51:07","modified_gmt":"2023-12-01T20:51:07","slug":"que-dijo-macri-sobre-las-designaciones-de-caputo-y-bullrich-como-ministros-de-milei","status":"publish","type":"post","link":"http:\/\/elterritorialweb.com.ar\/web\/que-dijo-macri-sobre-las-designaciones-de-caputo-y-bullrich-como-ministros-de-milei\/","title":{"rendered":"QUE DIJO MACRI SOBRE LAS DESIGNACIONES DE CAPUTO Y BULLRICH COMO MINISTROS DE MILEI"},"content":{"rendered":"\n<p>El expresidente\u00a0<strong>Mauricio Macri\u00a0<\/strong>celebr\u00f3 este viernes la designaci\u00f3n de la titular del PRO,<strong>\u00a0Patricia Bullrich<\/strong>, al frente del\u00a0<strong>Ministerio de Seguridad<\/strong>, y de su exministro de Finanzas<strong>, Luis Caputo<\/strong>, para dirigir la cartera de\u00a0<strong>Econom\u00eda<\/strong>\u00a0en el gobierno de\u00a0<strong>Javier Milei<\/strong>, a quien\u00a0<strong>le dese\u00f3 \u00ab\u00e9xito\u00bb en su gesti\u00f3n<\/strong>, aunque al mismo tiempo se despeg\u00f3 de ambos nombramientos.<\/p>\n\n\n\n<p>\u00abPara llevar adelante el cambio que Argentina necesita y al elegir su primer equipo (sic),&nbsp;<strong>me pone contento que Javier Milei cuente con la probada experiencia de Patricia Bullrich en el Ministerio de Seguridad y con la capacidad que demostr\u00f3 Toto Caputo en momentos muy dif\u00edciles de la econom\u00eda argentina<\/strong>\u00ab, indic\u00f3 Macri en su cuenta de la red social X, antes conocida como Twitter.<\/p>\n\n\n\n<p><strong>\u00abLes deseo a ambos el mayor de los \u00e9xitos en este compromiso personal que asumen.<\/strong>\u00a0El \u00e9xito de Javier Milei es lo que deseamos todos los argentinos de bien\u00bb, agreg\u00f3 el exmandatario.<\/p>\n\n\n\n<figure class=\"wp-block-embed is-type-rich is-provider-twitter wp-block-embed-twitter\"><div class=\"wp-block-embed__wrapper\">\n<blockquote class=\"twitter-tweet\" data-width=\"550\" data-dnt=\"true\"><p lang=\"es\" dir=\"ltr\">Para llevar adelante el cambio que Argentina necesita y al elegir su primer equipo, me pone contento que Javier Milei cuente con la probada experiencia de Patricia Bullrich en el Ministerio de Seguridad y con la capacidad que demostr\u00f3 Toto Caputo en momentos muy dif\u00edciles de la\u2026<\/p>&mdash; Mauricio Macri (@mauriciomacri) <a href=\"https:\/\/twitter.com\/mauriciomacri\/status\/1730664724553924616?ref_src=twsrc%5Etfw\">December 1, 2023<\/a><\/blockquote><script async src=\"https:\/\/platform.twitter.com\/widgets.js\" charset=\"utf-8\"><\/script>\n<\/div><\/figure>\n\n\n\n<p>El mensaje de Macri se conoce horas despu\u00e9s de que el futuro ministro de Interior, Guillermo Francos, advirtiera que el expresidente \u00abno compr\u00f3 acciones\u00bb en el gobierno que comenzar\u00e1 el 10 de diciembre y en medio las tensiones existentes entre el ala del PRO que representa y La Libertad Avanza por la designaci\u00f3n del presidente de la C\u00e1mara de Diputados.<\/p>\n","protected":false},"excerpt":{"rendered":"<p>En un tuit, el expresidente celebr\u00f3 la confirmaci\u00f3n de los futuros titulares de las carteras de Econom\u00eda y Seguridad, aunque aclar\u00f3 que asumen \u00abun compromiso individual\u00bb.<\/p>\n","protected":false},"author":2,"featured_media":61310,"comment_status":"open","ping_status":"open","sticky":false,"template":"","format":"standard","meta":{"om_disable_all_campaigns":false,"_monsterinsights_skip_tracking":false,"_monsterinsights_sitenote_active":false,"_monsterinsights_sitenote_note":"","_monsterinsights_sitenote_category":0,"_uf_show_specific_survey":0,"_uf_disable_surveys":false,"jetpack_post_was_ever_published":false,"_jetpack_newsletter_access":"","_jetpack_dont_email_post_to_subs":false,"_jetpack_newsletter_tier_id":0,"_jetpack_memberships_contains_paywalled_content":false,"_jetpack_memberships_contains_paid_content":false,"footnotes":"","jetpack_publicize_message":"","jetpack_publicize_feature_enabled":true,"jetpack_social_post_already_shared":true,"jetpack_social_options":{"image_generator_settings":{"template":"highway","default_image_id":0,"font":"","enabled":false},"version":2}},"categories":[18],"tags":[92,801,176,589],"class_list":["post-61309","post","type-post","status-publish","format-standard","has-post-thumbnail","hentry","category-politica","tag-javier-milei","tag-luis-caputo","tag-mauricio-macri","tag-patricia-bullrich"],"aioseo_notices":[],"views":27,"jetpack_publicize_connections":[],"jetpack_featured_media_url":"https:\/\/i0.wp.com\/elterritorialweb.com.ar\/web\/wp-content\/uploads\/2023\/12\/MAURICIO-MACRI-1.jpg?fit=987%2C555","jetpack_sharing_enabled":true,"_links":{"self":[{"href":"http:\/\/elterritorialweb.com.ar\/web\/wp-json\/wp\/v2\/posts\/61309","targetHints":{"allow":["GET"]}}],"collection":[{"href":"http:\/\/elterritorialweb.com.ar\/web\/wp-json\/wp\/v2\/posts"}],"about":[{"href":"http:\/\/elterritorialweb.com.ar\/web\/wp-json\/wp\/v2\/types\/post"}],"author":[{"embeddable":true,"href":"http:\/\/elterritorialweb.com.ar\/web\/wp-json\/wp\/v2\/users\/2"}],"replies":[{"embeddable":true,"href":"http:\/\/elterritorialweb.com.ar\/web\/wp-json\/wp\/v2\/comments?post=61309"}],"version-history":[{"count":1,"href":"http:\/\/elterritorialweb.com.ar\/web\/wp-json\/wp\/v2\/posts\/61309\/revisions"}],"predecessor-version":[{"id":61311,"href":"http:\/\/elterritorialweb.com.ar\/web\/wp-json\/wp\/v2\/posts\/61309\/revisions\/61311"}],"wp:featuredmedia":[{"embeddable":true,"href":"http:\/\/elterritorialweb.com.ar\/web\/wp-json\/wp\/v2\/media\/61310"}],"wp:attachment":[{"href":"http:\/\/elterritorialweb.com.ar\/web\/wp-json\/wp\/v2\/media?parent=61309"}],"wp:term":[{"taxonomy":"category","embeddable":true,"href":"http:\/\/elterritorialweb.com.ar\/web\/wp-json\/wp\/v2\/categories?post=61309"},{"taxonomy":"post_tag","embeddable":true,"href":"http:\/\/elterritorialweb.com.ar\/web\/wp-json\/wp\/v2\/tags?post=61309"}],"curies":[{"name":"wp","href":"https:\/\/api.w.org\/{rel}","templated":true}]}}