{"id":72533,"date":"2025-01-20T15:04:03","date_gmt":"2025-01-20T15:04:03","guid":{"rendered":"http:\/\/elterritorialweb.com.ar\/web\/?p=72533"},"modified":"2025-01-20T15:04:10","modified_gmt":"2025-01-20T15:04:10","slug":"argentina-busca-su-consolidacion-como-destino-turistico-internacional-en-fitur-2025","status":"publish","type":"post","link":"http:\/\/elterritorialweb.com.ar\/web\/argentina-busca-su-consolidacion-como-destino-turistico-internacional-en-fitur-2025\/","title":{"rendered":"ARGENTINA BUSCA SU CONSOLIDACI\u00d3N COMO DESTINO TUR\u00cdSTICO INTERNACIONAL EN FITUR 2025"},"content":{"rendered":"\n<p>El&nbsp;<strong>secretario de Turismo, Ambiente y Deportes de la Naci\u00f3n, Daniel Scioli<\/strong>, encabezar\u00e1 la delegaci\u00f3n argentina que, integrada por m\u00e1s de medio centenar de empresarios del sector privado, participar\u00e1 de la&nbsp;<strong>Feria Internacional de Turismo (FITUR) 2025 en Madrid<\/strong>, donde el pa\u00eds avanzar\u00e1 en la b\u00fasqueda de acuerdos e inversiones para consolidarse como destino tur\u00edstico a nivel mundial.<\/p>\n\n\n\n<p>La agenda de Scioli en Espa\u00f1a, acotada a tres d\u00edas de actividad intensa, incluye una reuni\u00f3n con directivos de Iberia, para analizar la ocupaci\u00f3n y la composici\u00f3n de las frecuencias de vuelo de la empresa a &nbsp;Buenos Aires e intensificar su comercializaci\u00f3n, y&nbsp; una&nbsp;<strong>audiencia con el ministro de Industria y Turismo de Espa\u00f1a, Jordi Hereu Boher<\/strong>, que apunta a fortalecer los lazos institucionales y promover la cooperaci\u00f3n tur\u00edstica bilateral en temas que favorezcan la competitividad de los destinos argentinos a trav\u00e9s de la innovaci\u00f3n y la tecnolog\u00eda como, por ejemplo, el modelo espa\u00f1ol de destinos tur\u00edsticos inteligentes.<\/p>\n\n\n\n<p>En su plan de trabajo -que abarca del martes 21 al jueves 23-,&nbsp;<strong>Scioli tambi\u00e9n tiene previstos una reuni\u00f3n con autoridades de Visit Qatar<\/strong>, para organizar campa\u00f1as de promoci\u00f3n conjuntas que posicionen a la Argentina en Qatar y en Medio Oriente y para captar turistas de esa regi\u00f3n y de otras conectadas con Doha -principal hub a\u00e9reo-, y un encuentro con los ejecutivos de la empresa Huttopia, referente global del ecoturismo independiente, para destrabar inversiones de la firma en el territorio nacional.<\/p>\n\n\n\n<p>El cronograma de actividades adem\u00e1s plantea reuniones con importantes representantes del sector privado espa\u00f1ol y mundial, como&nbsp;<strong>Booking, TripAdvisor, Grupo Pi\u00f1ero y TUI Group<\/strong>, para fortalecer la comercializaci\u00f3n y la promoci\u00f3n de la Argentina en el mercado internacional para atraer m\u00e1s visitantes.<\/p>\n\n\n\n<p>Scioli tambi\u00e9n firmar\u00e1 un acuerdo para la realizaci\u00f3n de la&nbsp;<strong>Gu\u00eda de Inversiones en la Argentina por ONU Turismo y CAF (Banco de Desarrollo de Am\u00e9rica Latina y el Caribe)<\/strong>, cuyo contenido est\u00e1 orientado a proporcionar una visi\u00f3n clara y fundamentada, apoyada en datos actualizados y casos de \u00e9xito que garanticen un impacto positivo en el medio ambiente y las comunidades locales, sobre el potencial del turismo en el pa\u00eds a inversores nacionales e internacionales.<\/p>\n\n\n\n<p>Entre las acciones promocionales previstas en el stand de la Argentina en la feria -de casi 500 metros cuadrados y dise\u00f1ado en formato de isla-, habr\u00e1 una presentaci\u00f3n de un&nbsp;<strong>documental de la Ruta 40<\/strong>&nbsp;-emblem\u00e1tico recorrido que atrae a turistas de todo el mundo- y se realizar\u00e1 el lanzamiento de&nbsp;<strong>\u201cArgentina Parkour MiniGames II\u201d<\/strong>, la propuesta que invita a los m\u00e1s de 400 millones de usuarios de Fortnite a elegir paisajes de nuestro pa\u00eds a la hora de jugar.<\/p>\n\n\n\n<p>La actividad de Scioli en la FITUR adem\u00e1s comprende su participaci\u00f3n en el acto inaugural de la feria -presidida por los reyes Felipe VI y Letizia- y su&nbsp;<strong>presencia en la XXVIII Conferencia Iberoamericana de Ministros y Empresarios de Turismo (CIMET)<\/strong>, \u00e1mbito en que la Argentina presentar\u00e1 las oportunidades de inversi\u00f3n a las organizaciones del sector tur\u00edstico de la regi\u00f3n.<\/p>\n\n\n\n<p>La edici\u00f3n 45\u00aa de FITUR -esta vez con Brasil como pa\u00eds invitado- estar\u00e1 abierta en el predio Ifema de Madrid del 22 al 26 de enero, tendr\u00e1 140 mil metros cuadrados y convocar\u00e1 a&nbsp;<strong>145 pa\u00edses, casi 10 mil empresas y m\u00e1s de 150 mil profesionales<\/strong>. Las tres primeras jornadas -en las que Scioli participar\u00e1- est\u00e1n dedicadas exclusivamente a los profesionales de la actividad.<\/p>\n","protected":false},"excerpt":{"rendered":"<p>Una comitiva integrada por m\u00e1s de medio centenar de empresarios del sector privado viaja a Madrid junto a Scioli para avanzar en acuerdos e inversiones.<\/p>\n","protected":false},"author":2,"featured_media":72534,"comment_status":"open","ping_status":"open","sticky":false,"template":"","format":"standard","meta":{"om_disable_all_campaigns":false,"_monsterinsights_skip_tracking":false,"_monsterinsights_sitenote_active":false,"_monsterinsights_sitenote_note":"","_monsterinsights_sitenote_category":0,"_uf_show_specific_survey":0,"_uf_disable_surveys":false,"jetpack_post_was_ever_published":false,"_jetpack_newsletter_access":"","_jetpack_dont_email_post_to_subs":false,"_jetpack_newsletter_tier_id":0,"_jetpack_memberships_contains_paywalled_content":false,"_jetpack_memberships_contains_paid_content":false,"footnotes":"","jetpack_publicize_message":"","jetpack_publicize_feature_enabled":true,"jetpack_social_post_already_shared":false,"jetpack_social_options":{"image_generator_settings":{"template":"highway","enabled":false},"version":2}},"categories":[4,29],"tags":[56,648],"class_list":["post-72533","post","type-post","status-publish","format-standard","has-post-thumbnail","hentry","category-destacadas","category-turismo","tag-turismo","tag-visit-argentina"],"aioseo_notices":[],"views":17,"jetpack_publicize_connections":[],"jetpack_featured_media_url":"https:\/\/i0.wp.com\/elterritorialweb.com.ar\/web\/wp-content\/uploads\/2025\/01\/inprotur-scaled.jpg?fit=2560%2C1707","jetpack_sharing_enabled":true,"_links":{"self":[{"href":"http:\/\/elterritorialweb.com.ar\/web\/wp-json\/wp\/v2\/posts\/72533","targetHints":{"allow":["GET"]}}],"collection":[{"href":"http:\/\/elterritorialweb.com.ar\/web\/wp-json\/wp\/v2\/posts"}],"about":[{"href":"http:\/\/elterritorialweb.com.ar\/web\/wp-json\/wp\/v2\/types\/post"}],"author":[{"embeddable":true,"href":"http:\/\/elterritorialweb.com.ar\/web\/wp-json\/wp\/v2\/users\/2"}],"replies":[{"embeddable":true,"href":"http:\/\/elterritorialweb.com.ar\/web\/wp-json\/wp\/v2\/comments?post=72533"}],"version-history":[{"count":2,"href":"http:\/\/elterritorialweb.com.ar\/web\/wp-json\/wp\/v2\/posts\/72533\/revisions"}],"predecessor-version":[{"id":72536,"href":"http:\/\/elterritorialweb.com.ar\/web\/wp-json\/wp\/v2\/posts\/72533\/revisions\/72536"}],"wp:featuredmedia":[{"embeddable":true,"href":"http:\/\/elterritorialweb.com.ar\/web\/wp-json\/wp\/v2\/media\/72534"}],"wp:attachment":[{"href":"http:\/\/elterritorialweb.com.ar\/web\/wp-json\/wp\/v2\/media?parent=72533"}],"wp:term":[{"taxonomy":"category","embeddable":true,"href":"http:\/\/elterritorialweb.com.ar\/web\/wp-json\/wp\/v2\/categories?post=72533"},{"taxonomy":"post_tag","embeddable":true,"href":"http:\/\/elterritorialweb.com.ar\/web\/wp-json\/wp\/v2\/tags?post=72533"}],"curies":[{"name":"wp","href":"https:\/\/api.w.org\/{rel}","templated":true}]}}