{"id":72538,"date":"2025-01-21T01:39:54","date_gmt":"2025-01-21T01:39:54","guid":{"rendered":"http:\/\/elterritorialweb.com.ar\/web\/?p=72538"},"modified":"2025-01-21T01:40:00","modified_gmt":"2025-01-21T01:40:00","slug":"capacitan-a-enfermeras-sobre-el-primer-nivel-de-atencion-en-el-triage-del-dengue","status":"publish","type":"post","link":"http:\/\/elterritorialweb.com.ar\/web\/capacitan-a-enfermeras-sobre-el-primer-nivel-de-atencion-en-el-triage-del-dengue\/","title":{"rendered":"CAPACITAN A ENFERMERAS SOBRE EL PRIMER NIVEL DE ATENCI\u00d3N EN EL TRIAGE DEL DENGUE"},"content":{"rendered":"\n<p>La<strong> Direcci\u00f3n de Salud de la Municipalidad de la Capital,<\/strong> contin\u00faa con la capacitaci\u00f3n al personal de los <strong>Centros de Atenci\u00f3n Primaria de la Salud<\/strong>, y en esa tarea realiz\u00f3 una nueva jornada de formaci\u00f3n destinada al personal de enfermer\u00eda, a fin de brindarle herramientas en su <strong>intervenci\u00f3n en el primer nivel de atenci\u00f3n durante el Triage del dengue.<\/strong><\/p>\n\n\n\n<p>El espacio de instrucci\u00f3n plante\u00f3 como objetivo, dar respuesta efectiva y oportuna a los pacientes,&nbsp; no solo para reducir el n\u00famero de hospitalizaciones innecesarias, sino minimizar el riesgo de complicaciones y muerte de las mismas.<\/p>\n\n\n\n<p>El dictado estuvo a cargo de\u00a0las licenciadas,<strong>\u00a0Soledad Bud\u00e1n<\/strong> y\u00a0<strong>Cynthia Trejo<\/strong>, <strong>profesionales del<\/strong> <strong>CIC Campo Contreras.<\/strong><\/p>\n\n\n\n<p><\/p>\n","protected":false},"excerpt":{"rendered":"<p>Salud de la\u00a0 municipalidad capacit\u00f3 a enfermeras de los Caps sobre el primer nivel de atenci\u00f3n en el triage del dengue<\/p>\n","protected":false},"author":2,"featured_media":72539,"comment_status":"open","ping_status":"open","sticky":false,"template":"","format":"standard","meta":{"om_disable_all_campaigns":false,"_monsterinsights_skip_tracking":false,"_monsterinsights_sitenote_active":false,"_monsterinsights_sitenote_note":"","_monsterinsights_sitenote_category":0,"_uf_show_specific_survey":0,"_uf_disable_surveys":false,"jetpack_post_was_ever_published":false,"_jetpack_newsletter_access":"","_jetpack_dont_email_post_to_subs":false,"_jetpack_newsletter_tier_id":0,"_jetpack_memberships_contains_paywalled_content":false,"_jetpack_memberships_contains_paid_content":false,"footnotes":"","jetpack_publicize_message":"","jetpack_publicize_feature_enabled":true,"jetpack_social_post_already_shared":false,"jetpack_social_options":{"image_generator_settings":{"template":"highway","enabled":false},"version":2}},"categories":[4,3],"tags":[1118,73],"class_list":["post-72538","post","type-post","status-publish","format-standard","has-post-thumbnail","hentry","category-destacadas","category-salud","tag-centros-de-atencion-primaria-de-la-salud-caps","tag-municipalidad-de-la-capital"],"aioseo_notices":[],"views":15,"jetpack_publicize_connections":[],"jetpack_featured_media_url":"https:\/\/i0.wp.com\/elterritorialweb.com.ar\/web\/wp-content\/uploads\/2025\/01\/capacitacion-CAPS.jpg?fit=1026%2C563","jetpack_sharing_enabled":true,"_links":{"self":[{"href":"http:\/\/elterritorialweb.com.ar\/web\/wp-json\/wp\/v2\/posts\/72538","targetHints":{"allow":["GET"]}}],"collection":[{"href":"http:\/\/elterritorialweb.com.ar\/web\/wp-json\/wp\/v2\/posts"}],"about":[{"href":"http:\/\/elterritorialweb.com.ar\/web\/wp-json\/wp\/v2\/types\/post"}],"author":[{"embeddable":true,"href":"http:\/\/elterritorialweb.com.ar\/web\/wp-json\/wp\/v2\/users\/2"}],"replies":[{"embeddable":true,"href":"http:\/\/elterritorialweb.com.ar\/web\/wp-json\/wp\/v2\/comments?post=72538"}],"version-history":[{"count":2,"href":"http:\/\/elterritorialweb.com.ar\/web\/wp-json\/wp\/v2\/posts\/72538\/revisions"}],"predecessor-version":[{"id":72541,"href":"http:\/\/elterritorialweb.com.ar\/web\/wp-json\/wp\/v2\/posts\/72538\/revisions\/72541"}],"wp:featuredmedia":[{"embeddable":true,"href":"http:\/\/elterritorialweb.com.ar\/web\/wp-json\/wp\/v2\/media\/72539"}],"wp:attachment":[{"href":"http:\/\/elterritorialweb.com.ar\/web\/wp-json\/wp\/v2\/media?parent=72538"}],"wp:term":[{"taxonomy":"category","embeddable":true,"href":"http:\/\/elterritorialweb.com.ar\/web\/wp-json\/wp\/v2\/categories?post=72538"},{"taxonomy":"post_tag","embeddable":true,"href":"http:\/\/elterritorialweb.com.ar\/web\/wp-json\/wp\/v2\/tags?post=72538"}],"curies":[{"name":"wp","href":"https:\/\/api.w.org\/{rel}","templated":true}]}}