{"id":72872,"date":"2025-02-01T00:42:27","date_gmt":"2025-02-01T00:42:27","guid":{"rendered":"http:\/\/elterritorialweb.com.ar\/web\/?p=72872"},"modified":"2025-02-01T00:42:30","modified_gmt":"2025-02-01T00:42:30","slug":"la-reserva-de-central-cordoba-sumo-rodaje-ante-atletico-tucuman","status":"publish","type":"post","link":"http:\/\/elterritorialweb.com.ar\/web\/la-reserva-de-central-cordoba-sumo-rodaje-ante-atletico-tucuman\/","title":{"rendered":"LA RESERVA DE CENTRAL C\u00d3RDOBA SUM\u00d3 RODAJE ANTE ATL\u00c9TICO TUCUM\u00c1N"},"content":{"rendered":"\n<p>La jornada se dividi\u00f3 en dos encuentros divididos en dos tiempos de 35 minutos cada uno. En ambos choques, la victoria fue para el visitante por 2-0.<\/p>\n\n\n\n<p>En el primer encuentro, <em>Juan Carlos \u201cPollo\u201d Rold\u00e1n<\/em> par\u00f3 a Central C\u00f3rdoba con <em>Cejas; Jim\u00e9nez, Noguera, Lucena, Posadas; Romero, Bigot, Abruzzeze, S\u00e1nchez; Cano y Reyes<\/em> . Luego ingresaron <em>Su\u00e1rez, Zanini, S. S. Rodr\u00edguez, Copetti, Gonz\u00e1lez, Ram\u00edrez, Iturre, Storniolo y Moreno<\/em> .<\/p>\n\n\n\n<p>Mientras que en el segundo amistoso el Ferroviario form\u00f3 con <em>Gonz\u00e1lez; R. Gonz\u00e1lez, Sabalza, Ovejero, Guzm\u00e1n; F. Rodr\u00edguez, Dalale, Paz, Copetti; Castelli y Santill\u00e1n<\/em> . Luego ingresaron: <em>Z\u00e1rate, Reparaz, Vera, Nazer, Reinoso y Carrizo<\/em>.<\/p>\n\n\n\n<figure class=\"wp-block-image size-large\"><a href=\"https:\/\/i0.wp.com\/elterritorialweb.com.ar\/web\/wp-content\/uploads\/2025\/02\/IMG-20250131-WA0048-scaled.jpg\"><img data-recalc-dims=\"1\" decoding=\"async\" width=\"640\" height=\"410\" data-src=\"https:\/\/i0.wp.com\/elterritorialweb.com.ar\/web\/wp-content\/uploads\/2025\/02\/IMG-20250131-WA0048.jpg?resize=640%2C410\" alt=\"\" class=\"wp-image-72873 lazyload\" data-srcset=\"https:\/\/i0.wp.com\/elterritorialweb.com.ar\/web\/wp-content\/uploads\/2025\/02\/IMG-20250131-WA0048-scaled.jpg?resize=1024%2C656 1024w, https:\/\/i0.wp.com\/elterritorialweb.com.ar\/web\/wp-content\/uploads\/2025\/02\/IMG-20250131-WA0048-scaled.jpg?resize=300%2C192 300w, https:\/\/i0.wp.com\/elterritorialweb.com.ar\/web\/wp-content\/uploads\/2025\/02\/IMG-20250131-WA0048-scaled.jpg?resize=768%2C492 768w, https:\/\/i0.wp.com\/elterritorialweb.com.ar\/web\/wp-content\/uploads\/2025\/02\/IMG-20250131-WA0048-scaled.jpg?resize=1536%2C984 1536w, https:\/\/i0.wp.com\/elterritorialweb.com.ar\/web\/wp-content\/uploads\/2025\/02\/IMG-20250131-WA0048-scaled.jpg?resize=2048%2C1312 2048w, https:\/\/i0.wp.com\/elterritorialweb.com.ar\/web\/wp-content\/uploads\/2025\/02\/IMG-20250131-WA0048-scaled.jpg?resize=1115%2C715 1115w, https:\/\/i0.wp.com\/elterritorialweb.com.ar\/web\/wp-content\/uploads\/2025\/02\/IMG-20250131-WA0048-scaled.jpg?w=1280 1280w, https:\/\/i0.wp.com\/elterritorialweb.com.ar\/web\/wp-content\/uploads\/2025\/02\/IMG-20250131-WA0048-scaled.jpg?w=1920 1920w\" data-sizes=\"(max-width: 640px) 100vw, 640px\" src=\"data:image\/svg+xml;base64,PHN2ZyB3aWR0aD0iMSIgaGVpZ2h0PSIxIiB4bWxucz0iaHR0cDovL3d3dy53My5vcmcvMjAwMC9zdmciPjwvc3ZnPg==\" style=\"--smush-placeholder-width: 640px; --smush-placeholder-aspect-ratio: 640\/410;\" \/><\/a><\/figure>\n\n\n\n<p><em>AGENDA DE LA RESERVA<\/em><\/p>\n\n\n\n<p>La <em>Liga Profesional de F\u00fatbol de la AFA<\/em> dio a conocer la forma de disputa y el cronograma de las primeras fechas del <em>Torneo Proyecci\u00f3n<\/em> de la categor\u00eda Reserva, en donde <em>Central C\u00f3rdoba<\/em> participar\u00e1.<\/p>\n\n\n\n<p><em>Agenda de la Reserva:<\/em><\/p>\n\n\n\n<ul class=\"wp-block-list\">\n<li>1\u00aa fecha: martes 18 de febrero a las 21 &#8211; Central C\u00f3rdoba vs. Aldosivi<\/li>\n\n\n\n<li>2\u00aa fecha: jueves 27 de febrero a las 21 &#8211; Central C\u00f3rdoba vs. Atl\u00e9tico Tucum\u00e1n<\/li>\n\n\n\n<li>3\u00aa fecha: mi\u00e9rcoles 5 de marzo a las 17 &#8211; Defensa y Justicia vs. Central C\u00f3rdoba (Zona A)<\/li>\n\n\n\n<li>4\u00aa fecha: martes 11 de marzo a las 19 &#8211; Central C\u00f3rdoba vs. Newell\u2019s<\/li>\n\n\n\n<li>5\u00aa fecha: martes 18 de marzo a las 15 &#8211; Barracas Central vs. Central C\u00f3rdoba<\/li>\n\n\n\n<li>6\u00aa fecha: mi\u00e9rcoles 26 de marzo a las 19 &#8211; Central C\u00f3rdoba vs. Belgrano<\/li>\n<\/ul>\n\n\n\n<p><em>Forma de disputa:<\/em><\/p>\n\n\n\n<p>En el primer semestre la competencia ser\u00e1 de la siguiente manera:<\/p>\n\n\n\n<p>\u2013 2 zonas de 15 equipos cada una, a una rueda.<\/p>\n\n\n\n<p>\u2013 Un partido interzonal por fecha<\/p>\n\n\n\n<p>\u2013 15 partidos<\/p>\n\n\n\n<p>\u2013 Las zonas y el programa de partidos se replican del sorteo de la Primera Divisi\u00f3n.<\/p>\n\n\n\n<p>\u2013 A diferencia de Primera Divisi\u00f3n, en estos torneos no existir\u00e1 la fecha de interzonales (fecha 8 en Primera Divisi\u00f3n)<\/p>\n\n\n\n<p>\u2013 Octavos de final, partido \u00fanico en estadio del mejor clasificado en fase de zonas.<\/p>\n\n\n\n<p>\u2013 cuartos y semifinal, partido \u00fanico en estadio del mejor clasificado en fase de zonas.<\/p>\n\n\n\n<p>\u2013 Final en cancha neutral.<\/p>\n\n\n\n<p>La competencia del segundo semestre repite el formato del torneo de la primera etapa con la diferencia que se invierten las local\u00edas.<\/p>\n\n\n\n<p>El inicio estimado del primer torneo ser\u00e1 el 18 de febrero; el comienzo estimado del segundo torneo ser\u00e1 el 23 de julio.<\/p>\n\n\n\n<p>Luego se jugar\u00e1 el Trofeo de Campeones, como cierre de temporada, entre los ganadores del Apertura y Clausura.<\/p>\n\n\n\n<p><em>Zona A:<\/em> Argentinos, Aldosivi, Central C\u00f3rdoba, Banfield, Barracas Central, Belgrano, Boca, Defensa y Justicia, Estudiantes, Independiente Rivadavia, Hurac\u00e1n, Racing, Uni\u00f3n, Newell\u2019s y Tigre.<\/p>\n\n\n\n<p><em>Zona B:<\/em> Platense, San Mart\u00edn (SJ), Atl\u00e9tico Tucum\u00e1n, Lan\u00fas, Sarmiento, River, Deportivo Riestra, Gimnasia, Godoy Cruz, San Lorenzo, Independiente, Instituto, Rosario Central y V\u00e9lez.<\/p>\n\n\n\n<p><\/p>\n","protected":false},"excerpt":{"rendered":"<p>El plantel de Reserva de Central C\u00f3rdoba asumi\u00f3 un nuevo partido amistosos al enfrentar a su par de Atl\u00e9tico Tucum\u00e1n, este viernes por la ma\u00f1ana en el estadio Alfredo Terrera. <\/p>\n","protected":false},"author":2,"featured_media":72875,"comment_status":"open","ping_status":"open","sticky":false,"template":"","format":"standard","meta":{"om_disable_all_campaigns":false,"_monsterinsights_skip_tracking":false,"_monsterinsights_sitenote_active":false,"_monsterinsights_sitenote_note":"","_monsterinsights_sitenote_category":0,"_uf_show_specific_survey":0,"_uf_disable_surveys":false,"jetpack_post_was_ever_published":false,"_jetpack_newsletter_access":"","_jetpack_dont_email_post_to_subs":false,"_jetpack_newsletter_tier_id":0,"_jetpack_memberships_contains_paywalled_content":false,"_jetpack_memberships_contains_paid_content":false,"footnotes":"","jetpack_publicize_message":"","jetpack_publicize_feature_enabled":true,"jetpack_social_post_already_shared":false,"jetpack_social_options":{"image_generator_settings":{"template":"highway","enabled":false},"version":2}},"categories":[6,4],"tags":[69],"class_list":["post-72872","post","type-post","status-publish","format-standard","has-post-thumbnail","hentry","category-deportes","category-destacadas","tag-central-cordoba"],"aioseo_notices":[],"views":13,"jetpack_publicize_connections":[],"jetpack_featured_media_url":"https:\/\/i0.wp.com\/elterritorialweb.com.ar\/web\/wp-content\/uploads\/2025\/02\/IMG-20250131-WA0045-scaled.jpg?fit=2560%2C1802","jetpack_sharing_enabled":true,"_links":{"self":[{"href":"http:\/\/elterritorialweb.com.ar\/web\/wp-json\/wp\/v2\/posts\/72872","targetHints":{"allow":["GET"]}}],"collection":[{"href":"http:\/\/elterritorialweb.com.ar\/web\/wp-json\/wp\/v2\/posts"}],"about":[{"href":"http:\/\/elterritorialweb.com.ar\/web\/wp-json\/wp\/v2\/types\/post"}],"author":[{"embeddable":true,"href":"http:\/\/elterritorialweb.com.ar\/web\/wp-json\/wp\/v2\/users\/2"}],"replies":[{"embeddable":true,"href":"http:\/\/elterritorialweb.com.ar\/web\/wp-json\/wp\/v2\/comments?post=72872"}],"version-history":[{"count":2,"href":"http:\/\/elterritorialweb.com.ar\/web\/wp-json\/wp\/v2\/posts\/72872\/revisions"}],"predecessor-version":[{"id":72877,"href":"http:\/\/elterritorialweb.com.ar\/web\/wp-json\/wp\/v2\/posts\/72872\/revisions\/72877"}],"wp:featuredmedia":[{"embeddable":true,"href":"http:\/\/elterritorialweb.com.ar\/web\/wp-json\/wp\/v2\/media\/72875"}],"wp:attachment":[{"href":"http:\/\/elterritorialweb.com.ar\/web\/wp-json\/wp\/v2\/media?parent=72872"}],"wp:term":[{"taxonomy":"category","embeddable":true,"href":"http:\/\/elterritorialweb.com.ar\/web\/wp-json\/wp\/v2\/categories?post=72872"},{"taxonomy":"post_tag","embeddable":true,"href":"http:\/\/elterritorialweb.com.ar\/web\/wp-json\/wp\/v2\/tags?post=72872"}],"curies":[{"name":"wp","href":"https:\/\/api.w.org\/{rel}","templated":true}]}}