{"id":72878,"date":"2025-02-01T04:03:57","date_gmt":"2025-02-01T04:03:57","guid":{"rendered":"http:\/\/elterritorialweb.com.ar\/web\/?p=72878"},"modified":"2025-02-01T04:04:02","modified_gmt":"2025-02-01T04:04:02","slug":"exitosa-participacion-de-la-argentina-en-fitur-2025","status":"publish","type":"post","link":"http:\/\/elterritorialweb.com.ar\/web\/exitosa-participacion-de-la-argentina-en-fitur-2025\/","title":{"rendered":"EXITOSA PARTICIPACI\u00d3N DE LA ARGENTINA EN FITUR 2025"},"content":{"rendered":"\n<p>Argentina tuvo una destacada participaci\u00f3n en la 45\u00aa edici\u00f3n de la Feria Internacional de Turismo (FITUR) 2025, con una comitiva encabezada por el secretario de Turismo, Ambiente y Deportes; y presidente del INPROTUR, Daniel Scioli. En el espacio nacional se realizaron importantes encuentros institucionales y comerciales, y una fuerte promoci\u00f3n de los destinos y productos tur\u00edsticos.<\/p>\n\n\n\n<p>Los empresarios tur\u00edsticos, que formaron parte de la comitiva argentina, mantuvieron 3.150 reuniones comerciales durante los tres d\u00edas de atenci\u00f3n profesional. Adem\u00e1s, se estima que por el espacio nacional pasaron alrededor de 12.600 personas. El tango, la Patagonia, Iguaz\u00fa, los vinos de Cuyo, Bariloche, el Norte y la magia de Buenos Aires fueron algunos de los destinos m\u00e1s solicitados por el p\u00fablico.<\/p>\n\n\n\n<p>Por otra parte, la delegaci\u00f3n argentina mantuvo importantes reuniones con los principales actores del sector, como TUI Spain, Grupo Viajes El Corte Ingl\u00e9s, Cocha, Voyage Priv\u00e9 y Cruceros Australis, entre otros.<\/p>\n\n\n\n<p>Adem\u00e1s, en el marco de afianzar la pol\u00edtica de cielos abiertos que est\u00e1 implementando el gobierno de Javier Milei, se realizaron encuentros con compa\u00f1\u00edas a\u00e9reas como Iberia, LATAM, Air Europa y PlusUltra. Del mismo modo, se mantuvieron reuniones con importantes operadores tur\u00edsticos: Expedia Group, eDreams y LastMinute.<\/p>\n\n\n\n<p>La delegaci\u00f3n argentina estuvo conformada por m\u00e1s 60 empresas privadas, las compa\u00f1\u00edas a\u00e9reas Aerol\u00edneas Argentinas y Flybondi, y las principales entidades tur\u00edsticas del sector privado contenidas en la C\u00e1mara Argentina de Turismo.<\/p>\n\n\n\n<p>En FITUR 2025, Argentina promocion\u00f3 la m\u00edstica \u201cRuta 40\u201d, que atraviesa el pa\u00eds de sur a norte, con la presentaci\u00f3n de un documental. Este audiovisual fue el resultado de diferentes viajes organizados por el INPROTUR, a lo largo de la legendaria ruta que recorre m\u00e1s de 5 mil kil\u00f3metros, en pos de promocionar los destinos y atracciones que la rodean.<\/p>\n\n\n\n<p>Tambi\u00e9n la empresa Buquebus present\u00f3 en el stand argentino su nuevo buque, \u00abChina Zorrilla\u00bb, y nuevas obras de expansi\u00f3n en la Terminal Fluvio-Mar\u00edtima de Buenos Aires. El \u201cChina Zorrilla\u201d ser\u00e1 el primer ferry de pasajeros de gran porte 100% el\u00e9ctrico, que cubrir\u00e1 la ruta Colonia-Buenos Aires. Estar\u00e1 operativo a partir de fines de 2025, y cuenta con una capacidad para 2.100 pasajeros, 225 veh\u00edculos y m\u00e1s de 2.000 m2 de freeshop.<\/p>\n\n\n\n<p>La 45\u00aa edici\u00f3n de la Feria Internacional de Turismo (FITUR) 2025 se realiz\u00f3 del 22 al 26 de enero en el predio IFEMA de Madrid, Espa\u00f1a. Con r\u00e9cord de asistentes, m\u00e1s de 255 mil -155 mil profesionales-, tambi\u00e9n participaron casi 10 mil relacionadas al sector tur\u00edstico.<\/p>\n\n\n\n<p>FITUR, la feria de turismo m\u00e1s relevante de habla hispana, es el punto de encuentro global para los profesionales de la industria de turismo, donde se presentan nuevas tecnolog\u00edas y es considerada la feria l\u00edder para los mercados receptivos y emisores de Iberoam\u00e9rica.<\/p>\n","protected":false},"excerpt":{"rendered":"<p>La delegaci\u00f3n nacional fue encabezada por el secretario de Turismo, Ambiente y Deportes, Daniel Scioli, tambi\u00e9n presidente del Instituto Nacional de Promoci\u00f3n Tur\u00edstica.<\/p>\n","protected":false},"author":2,"featured_media":72879,"comment_status":"open","ping_status":"open","sticky":false,"template":"","format":"standard","meta":{"om_disable_all_campaigns":false,"_monsterinsights_skip_tracking":false,"_monsterinsights_sitenote_active":false,"_monsterinsights_sitenote_note":"","_monsterinsights_sitenote_category":0,"_uf_show_specific_survey":0,"_uf_disable_surveys":false,"jetpack_post_was_ever_published":false,"_jetpack_newsletter_access":"","_jetpack_dont_email_post_to_subs":false,"_jetpack_newsletter_tier_id":0,"_jetpack_memberships_contains_paywalled_content":false,"_jetpack_memberships_contains_paid_content":false,"footnotes":"","jetpack_publicize_message":"","jetpack_publicize_feature_enabled":true,"jetpack_social_post_already_shared":false,"jetpack_social_options":{"image_generator_settings":{"template":"highway","enabled":false},"version":2}},"categories":[4,29],"tags":[57],"class_list":["post-72878","post","type-post","status-publish","format-standard","has-post-thumbnail","hentry","category-destacadas","category-turismo","tag-inprotur"],"aioseo_notices":[],"views":17,"jetpack_publicize_connections":[],"jetpack_featured_media_url":"https:\/\/i0.wp.com\/elterritorialweb.com.ar\/web\/wp-content\/uploads\/2025\/02\/Screenshot_20250131-232337.png?fit=557%2C381","jetpack_sharing_enabled":true,"_links":{"self":[{"href":"http:\/\/elterritorialweb.com.ar\/web\/wp-json\/wp\/v2\/posts\/72878","targetHints":{"allow":["GET"]}}],"collection":[{"href":"http:\/\/elterritorialweb.com.ar\/web\/wp-json\/wp\/v2\/posts"}],"about":[{"href":"http:\/\/elterritorialweb.com.ar\/web\/wp-json\/wp\/v2\/types\/post"}],"author":[{"embeddable":true,"href":"http:\/\/elterritorialweb.com.ar\/web\/wp-json\/wp\/v2\/users\/2"}],"replies":[{"embeddable":true,"href":"http:\/\/elterritorialweb.com.ar\/web\/wp-json\/wp\/v2\/comments?post=72878"}],"version-history":[{"count":2,"href":"http:\/\/elterritorialweb.com.ar\/web\/wp-json\/wp\/v2\/posts\/72878\/revisions"}],"predecessor-version":[{"id":72881,"href":"http:\/\/elterritorialweb.com.ar\/web\/wp-json\/wp\/v2\/posts\/72878\/revisions\/72881"}],"wp:featuredmedia":[{"embeddable":true,"href":"http:\/\/elterritorialweb.com.ar\/web\/wp-json\/wp\/v2\/media\/72879"}],"wp:attachment":[{"href":"http:\/\/elterritorialweb.com.ar\/web\/wp-json\/wp\/v2\/media?parent=72878"}],"wp:term":[{"taxonomy":"category","embeddable":true,"href":"http:\/\/elterritorialweb.com.ar\/web\/wp-json\/wp\/v2\/categories?post=72878"},{"taxonomy":"post_tag","embeddable":true,"href":"http:\/\/elterritorialweb.com.ar\/web\/wp-json\/wp\/v2\/tags?post=72878"}],"curies":[{"name":"wp","href":"https:\/\/api.w.org\/{rel}","templated":true}]}}