{"id":72890,"date":"2025-02-01T11:46:01","date_gmt":"2025-02-01T11:46:01","guid":{"rendered":"http:\/\/elterritorialweb.com.ar\/web\/?p=72890"},"modified":"2025-02-01T11:46:03","modified_gmt":"2025-02-01T11:46:03","slug":"dany-hoyos-y-pinky-abren-la-edicion-2025-del-carnaval-siestero-haciendo-un-poco-de-ruido","status":"publish","type":"post","link":"http:\/\/elterritorialweb.com.ar\/web\/dany-hoyos-y-pinky-abren-la-edicion-2025-del-carnaval-siestero-haciendo-un-poco-de-ruido\/","title":{"rendered":"DANY HOYOS Y PINKY ABREN LA EDICI\u00d3N 2025 DEL CARNAVAL SIESTERO HACIENDO \u00abUN POCO DE RUIDO\u00bb"},"content":{"rendered":"\n<p>La atractiva <strong>grilla <\/strong>de artistas incluir\u00e1 adem\u00e1s las actuaciones de <strong>La Repandilla, Alkal\u00e1 y Demi Carabajal<\/strong>, quienes ser\u00e1n los encargados de abrir la <strong>edici\u00f3n 2025 del Carnaval Siestero<\/strong>, una de las mejores propuestas carnavaleras que tendr\u00e1 la provincia.<\/p>\n\n\n\n<p>Durante todos los <strong>domingos de febrero<\/strong>, los mayores exponentes de la m\u00fasica pasar\u00e1n por el escenario que se montar\u00e1 en el complejo ubicado en la <strong>autopista Juan Domingo Per\u00f3n, a la par de Sky Club<\/strong>.<\/p>\n\n\n\n<p>Esta semana, en la <strong>edici\u00f3n n\u00famero 68 del programa,<\/strong> el exponente de la guaracha santiague\u00f1a fue invitado para hablar del g\u00e9nero musical que identifica a la provincia y, en ese marco, <strong>bati\u00f3 el r\u00e9cord alcanzar m\u00e1s de 92 mil visualizaciones en vivo<\/strong>, dejando atr\u00e1s las 75 mil vistas que ostentaba el programa.<\/p>\n\n\n\n<p>Conducido por<strong> Pinky (Juan Manuel Grossi), DJ Pipo (Gonzalo Leonardo) y Damo (Dami\u00e1n Mart\u00ednez),<\/strong> el streaming cont\u00f3 en esta oportunidad con la participaci\u00f3n especial de <strong>Anita Esp\u00f3sito, hermana de Laly,<\/strong> quien se hab\u00eda convertido en art\u00edfice de la invitaci\u00f3n de <strong>Dany Hoyos<\/strong> al exitoso programa.<\/p>\n\n\n\n<p>Fue as\u00ed que la participaci\u00f3n de <strong>Dany Hoyos<\/strong> hizo explotar la transmisi\u00f3n con miles de reproducciones y comentarios, que se replicaron en todas las redes sociales del programa y en Santiago del Estero genera una gran expectativa su actuaci\u00f3n en el <strong>Carnaval Siestero,<\/strong> que cuenta con un gran n\u00famero de venta de entradas anticipadas para el show del domingo.<\/p>\n\n\n\n<p><\/p>\n","protected":false},"excerpt":{"rendered":"<p>Tras la exitosa participaci\u00f3n de Dany Hoyos en el programa \u00abUn poco de ruido\u00bb que le vali\u00f3 un r\u00e9cord de audiencia, el m\u00fasico clodomirense se presentar\u00e1 este domingo 2 de febrero en el Carnaval Siestero, donde compartir\u00e1 escenario con Pinky, creador y uno de los conductores del streaming de cumbia m\u00e1s visto del pa\u00eds.<\/p>\n","protected":false},"author":2,"featured_media":72891,"comment_status":"open","ping_status":"open","sticky":false,"template":"","format":"standard","meta":{"om_disable_all_campaigns":false,"_monsterinsights_skip_tracking":false,"_monsterinsights_sitenote_active":false,"_monsterinsights_sitenote_note":"","_monsterinsights_sitenote_category":0,"_uf_show_specific_survey":0,"_uf_disable_surveys":false,"jetpack_post_was_ever_published":false,"_jetpack_newsletter_access":"","_jetpack_dont_email_post_to_subs":false,"_jetpack_newsletter_tier_id":0,"_jetpack_memberships_contains_paywalled_content":false,"_jetpack_memberships_contains_paid_content":false,"footnotes":"","jetpack_publicize_message":"","jetpack_publicize_feature_enabled":true,"jetpack_social_post_already_shared":false,"jetpack_social_options":{"image_generator_settings":{"template":"highway","enabled":false},"version":2}},"categories":[4,20],"tags":[],"class_list":["post-72890","post","type-post","status-publish","format-standard","has-post-thumbnail","hentry","category-destacadas","category-especysociales"],"aioseo_notices":[],"views":18,"jetpack_publicize_connections":[],"jetpack_featured_media_url":"https:\/\/i0.wp.com\/elterritorialweb.com.ar\/web\/wp-content\/uploads\/2025\/02\/DanyHoyosUPDR1.jpg?fit=960%2C712","jetpack_sharing_enabled":true,"_links":{"self":[{"href":"http:\/\/elterritorialweb.com.ar\/web\/wp-json\/wp\/v2\/posts\/72890","targetHints":{"allow":["GET"]}}],"collection":[{"href":"http:\/\/elterritorialweb.com.ar\/web\/wp-json\/wp\/v2\/posts"}],"about":[{"href":"http:\/\/elterritorialweb.com.ar\/web\/wp-json\/wp\/v2\/types\/post"}],"author":[{"embeddable":true,"href":"http:\/\/elterritorialweb.com.ar\/web\/wp-json\/wp\/v2\/users\/2"}],"replies":[{"embeddable":true,"href":"http:\/\/elterritorialweb.com.ar\/web\/wp-json\/wp\/v2\/comments?post=72890"}],"version-history":[{"count":2,"href":"http:\/\/elterritorialweb.com.ar\/web\/wp-json\/wp\/v2\/posts\/72890\/revisions"}],"predecessor-version":[{"id":72893,"href":"http:\/\/elterritorialweb.com.ar\/web\/wp-json\/wp\/v2\/posts\/72890\/revisions\/72893"}],"wp:featuredmedia":[{"embeddable":true,"href":"http:\/\/elterritorialweb.com.ar\/web\/wp-json\/wp\/v2\/media\/72891"}],"wp:attachment":[{"href":"http:\/\/elterritorialweb.com.ar\/web\/wp-json\/wp\/v2\/media?parent=72890"}],"wp:term":[{"taxonomy":"category","embeddable":true,"href":"http:\/\/elterritorialweb.com.ar\/web\/wp-json\/wp\/v2\/categories?post=72890"},{"taxonomy":"post_tag","embeddable":true,"href":"http:\/\/elterritorialweb.com.ar\/web\/wp-json\/wp\/v2\/tags?post=72890"}],"curies":[{"name":"wp","href":"https:\/\/api.w.org\/{rel}","templated":true}]}}