{"id":72894,"date":"2025-02-01T11:51:55","date_gmt":"2025-02-01T11:51:55","guid":{"rendered":"http:\/\/elterritorialweb.com.ar\/web\/?p=72894"},"modified":"2025-02-01T11:52:05","modified_gmt":"2025-02-01T11:52:05","slug":"el-parque-del-encuentro-sera-escenario-de-una-nueva-edicion-del-festival-sustentable","status":"publish","type":"post","link":"http:\/\/elterritorialweb.com.ar\/web\/el-parque-del-encuentro-sera-escenario-de-una-nueva-edicion-del-festival-sustentable\/","title":{"rendered":"EL PARQUE DEL ENCUENTRO SER\u00c1 ESCENARIO DE UNA NUEVA EDICI\u00d3N DEL FESTIVAL SUSTENTABLE"},"content":{"rendered":"\n<p>Con acceso<strong> libre y gratuito<\/strong>, el evento contar\u00e1 con<strong> ferias de emprendedores locales, paseos de foodtrucks<\/strong>, <strong>presentaciones de danza y m\u00fasica en vivo, juegos y actividades para ni\u00f1os sobre educaci\u00f3n ambiental <\/strong>y muchas otras propuestas.<\/p>\n\n\n\n<p>El objetivo es inspirar cambios positivos en la comunidad en favor del cuidado del medio ambiente y fomentar pr\u00e1cticas m\u00e1s sostenibles en todas las esferas de la sociedad, brindando a la vez oportunidades de encuentro y esparcimiento para las familias y amigos.<\/p>\n\n\n\n<p>De esta manera, el<strong> s\u00e1bado<\/strong> actuar\u00e1n en el escenario<strong> La Mistika, Valeria Facelli, Octavio Muratore, Leo Lencina y Banda Legui.<\/strong> En tanto, el <strong>domingo<\/strong> se presentar\u00e1n <strong>Celena, Pedro Silva y Los \u00daltimos y Franco Ram\u00edrez<\/strong>, entre otros artistas.<\/p>\n\n\n\n<p><\/p>\n","protected":false},"excerpt":{"rendered":"<p>En el Parque del Encuentro, el s\u00e1bado 1 y domingo 2 de febrero desde las 19 horas, se realizar\u00e1 una nueva edici\u00f3n del Festival Sustentable \u201cEncuentro en el Parque &#8211; Por un presente m\u00e1s verde\u00bb.<\/p>\n","protected":false},"author":2,"featured_media":72895,"comment_status":"open","ping_status":"open","sticky":false,"template":"","format":"standard","meta":{"om_disable_all_campaigns":false,"_monsterinsights_skip_tracking":false,"_monsterinsights_sitenote_active":false,"_monsterinsights_sitenote_note":"","_monsterinsights_sitenote_category":0,"_uf_show_specific_survey":0,"_uf_disable_surveys":false,"jetpack_post_was_ever_published":false,"_jetpack_newsletter_access":"","_jetpack_dont_email_post_to_subs":false,"_jetpack_newsletter_tier_id":0,"_jetpack_memberships_contains_paywalled_content":false,"_jetpack_memberships_contains_paid_content":false,"footnotes":"","jetpack_publicize_message":"","jetpack_publicize_feature_enabled":true,"jetpack_social_post_already_shared":false,"jetpack_social_options":{"image_generator_settings":{"template":"highway","enabled":false},"version":2}},"categories":[4,21],"tags":[823,96],"class_list":["post-72894","post","type-post","status-publish","format-standard","has-post-thumbnail","hentry","category-destacadas","category-locales","tag-festival-sustentable","tag-parque-del-encuentro"],"aioseo_notices":[],"views":17,"jetpack_publicize_connections":[],"jetpack_featured_media_url":"https:\/\/i0.wp.com\/elterritorialweb.com.ar\/web\/wp-content\/uploads\/2025\/02\/parque-del-Encuentro.jpg?fit=1280%2C853","jetpack_sharing_enabled":true,"_links":{"self":[{"href":"http:\/\/elterritorialweb.com.ar\/web\/wp-json\/wp\/v2\/posts\/72894","targetHints":{"allow":["GET"]}}],"collection":[{"href":"http:\/\/elterritorialweb.com.ar\/web\/wp-json\/wp\/v2\/posts"}],"about":[{"href":"http:\/\/elterritorialweb.com.ar\/web\/wp-json\/wp\/v2\/types\/post"}],"author":[{"embeddable":true,"href":"http:\/\/elterritorialweb.com.ar\/web\/wp-json\/wp\/v2\/users\/2"}],"replies":[{"embeddable":true,"href":"http:\/\/elterritorialweb.com.ar\/web\/wp-json\/wp\/v2\/comments?post=72894"}],"version-history":[{"count":2,"href":"http:\/\/elterritorialweb.com.ar\/web\/wp-json\/wp\/v2\/posts\/72894\/revisions"}],"predecessor-version":[{"id":72897,"href":"http:\/\/elterritorialweb.com.ar\/web\/wp-json\/wp\/v2\/posts\/72894\/revisions\/72897"}],"wp:featuredmedia":[{"embeddable":true,"href":"http:\/\/elterritorialweb.com.ar\/web\/wp-json\/wp\/v2\/media\/72895"}],"wp:attachment":[{"href":"http:\/\/elterritorialweb.com.ar\/web\/wp-json\/wp\/v2\/media?parent=72894"}],"wp:term":[{"taxonomy":"category","embeddable":true,"href":"http:\/\/elterritorialweb.com.ar\/web\/wp-json\/wp\/v2\/categories?post=72894"},{"taxonomy":"post_tag","embeddable":true,"href":"http:\/\/elterritorialweb.com.ar\/web\/wp-json\/wp\/v2\/tags?post=72894"}],"curies":[{"name":"wp","href":"https:\/\/api.w.org\/{rel}","templated":true}]}}