{"id":74995,"date":"2025-04-20T22:28:52","date_gmt":"2025-04-20T22:28:52","guid":{"rendered":"https:\/\/elterritorialweb.com.ar\/web\/?p=74995"},"modified":"2025-04-20T22:30:18","modified_gmt":"2025-04-20T22:30:18","slug":"el-turismo-en-semana-santa-cayo-un-16-con-respecto-al-2024","status":"publish","type":"post","link":"http:\/\/elterritorialweb.com.ar\/web\/el-turismo-en-semana-santa-cayo-un-16-con-respecto-al-2024\/","title":{"rendered":"EL TURISMO EN SEMANA SANTA CAY\u00d3 UN 16% CON RESPECTO AL 2024"},"content":{"rendered":"\n<p><strong>Durante el reciente fin de semana largo de Semana Santa, unos 2,7 millones de turistas se movilizaron por diversos destinos de Argentina<\/strong>, generando un gasto total estimado en&nbsp;<strong>$733.128 millones<\/strong>. Si bien esta cifra representa un importante impacto econ\u00f3mico, la cantidad de viajeros experiment\u00f3 una disminuci\u00f3n del 16% en comparaci\u00f3n con la Semana Santa de 2024, seg\u00fan inform\u00f3 la Confederaci\u00f3n Argentina de la Mediana Empresa (CAME).<\/p>\n\n\n\n<p>La principal raz\u00f3n de este descenso interanual radica en la particularidad del a\u00f1o anterior, donde los feriados por la festividad religiosa coincidieron con el D\u00eda del Veterano y de los Ca\u00eddos en la Guerra de Malvinas, configurando un fin de semana extra largo de seis d\u00edas, a diferencia de los cuatro d\u00edas de este a\u00f1o.<\/p>\n\n\n\n<p>A pesar de la menor afluencia de turistas,<strong>&nbsp;el gasto promedio por visitante fue de $87.590 por jornada, con una estad\u00eda media de 3,1 d\u00edas, lo que result\u00f3 en un consumo total de $271.529 por persona<\/strong>. Los destinos m\u00e1s populares ofrecieron una amplia gama de actividades, combinando celebraciones religiosas con festivales culturales, eventos deportivos y ferias gastron\u00f3micas.<\/p>\n\n\n\n<p><strong>El gasto tur\u00edstico mostr\u00f3 una marcada heterogeneidad entre las diferentes regiones del pa\u00eds. Tierra del Fuego se destac\u00f3 con un desembolso promedio diario<\/strong>&nbsp;por turista de aproximadamente $320.000, mientras que en Tucum\u00e1n el promedio rond\u00f3 los $72.000 y en Mendoza los $75.000.<\/p>\n\n\n\n<p>Al comparar las cifras con la Semana Santa de 2023, se observa un aumento del 1,9% en la cantidad de turistas, aunque la estad\u00eda promedio se redujo en un 9%. Sin embargo,<strong>&nbsp;el impacto econ\u00f3mico, medido a precios constantes, fue un 14,9% mayor, lo que indica un incremento en el gasto por persona<\/strong>.<\/p>\n\n\n\n<p><strong>Desde CAME resaltaron el sostenido movimiento de personas en rutas, terminales de \u00f3mnibus y aeropuertos. Solo Aerol\u00edneas Argentinas transport\u00f3 a m\u00e1s de 210 mil pasajeros durante los cuatro d\u00edas<\/strong>&nbsp;del fin de semana largo, evidenciando la continuidad del inter\u00e9s por viajar a pesar del contexto econ\u00f3mico.<\/p>\n","protected":false},"excerpt":{"rendered":"<p>Seg\u00fan la CAME, el gasto promedio por visitante fue de $87.590 por jornada, con una estad\u00eda media de 3,1 d\u00edas, y un consumo total de $271.529 por persona.<\/p>\n","protected":false},"author":2,"featured_media":57106,"comment_status":"open","ping_status":"open","sticky":false,"template":"","format":"standard","meta":{"om_disable_all_campaigns":false,"_monsterinsights_skip_tracking":false,"_monsterinsights_sitenote_active":false,"_monsterinsights_sitenote_note":"","_monsterinsights_sitenote_category":0,"_uf_show_specific_survey":0,"_uf_disable_surveys":false,"jetpack_post_was_ever_published":false,"_jetpack_newsletter_access":"","_jetpack_dont_email_post_to_subs":false,"_jetpack_newsletter_tier_id":0,"_jetpack_memberships_contains_paywalled_content":false,"_jetpack_memberships_contains_paid_content":false,"footnotes":"","jetpack_publicize_message":"","jetpack_publicize_feature_enabled":true,"jetpack_social_post_already_shared":false,"jetpack_social_options":{"image_generator_settings":{"template":"highway","enabled":false},"version":2}},"categories":[4,7],"tags":[1285,56],"class_list":["post-74995","post","type-post","status-publish","format-standard","has-post-thumbnail","hentry","category-destacadas","category-nacionales","tag-semana-santa","tag-turismo"],"aioseo_notices":[],"views":17,"jetpack_publicize_connections":[],"jetpack_featured_media_url":"https:\/\/i0.wp.com\/elterritorialweb.com.ar\/web\/wp-content\/uploads\/2023\/08\/turismo-5.jpg?fit=1080%2C608","jetpack_sharing_enabled":true,"_links":{"self":[{"href":"http:\/\/elterritorialweb.com.ar\/web\/wp-json\/wp\/v2\/posts\/74995","targetHints":{"allow":["GET"]}}],"collection":[{"href":"http:\/\/elterritorialweb.com.ar\/web\/wp-json\/wp\/v2\/posts"}],"about":[{"href":"http:\/\/elterritorialweb.com.ar\/web\/wp-json\/wp\/v2\/types\/post"}],"author":[{"embeddable":true,"href":"http:\/\/elterritorialweb.com.ar\/web\/wp-json\/wp\/v2\/users\/2"}],"replies":[{"embeddable":true,"href":"http:\/\/elterritorialweb.com.ar\/web\/wp-json\/wp\/v2\/comments?post=74995"}],"version-history":[{"count":2,"href":"http:\/\/elterritorialweb.com.ar\/web\/wp-json\/wp\/v2\/posts\/74995\/revisions"}],"predecessor-version":[{"id":74998,"href":"http:\/\/elterritorialweb.com.ar\/web\/wp-json\/wp\/v2\/posts\/74995\/revisions\/74998"}],"wp:featuredmedia":[{"embeddable":true,"href":"http:\/\/elterritorialweb.com.ar\/web\/wp-json\/wp\/v2\/media\/57106"}],"wp:attachment":[{"href":"http:\/\/elterritorialweb.com.ar\/web\/wp-json\/wp\/v2\/media?parent=74995"}],"wp:term":[{"taxonomy":"category","embeddable":true,"href":"http:\/\/elterritorialweb.com.ar\/web\/wp-json\/wp\/v2\/categories?post=74995"},{"taxonomy":"post_tag","embeddable":true,"href":"http:\/\/elterritorialweb.com.ar\/web\/wp-json\/wp\/v2\/tags?post=74995"}],"curies":[{"name":"wp","href":"https:\/\/api.w.org\/{rel}","templated":true}]}}