{"id":75000,"date":"2025-04-21T02:24:40","date_gmt":"2025-04-21T02:24:40","guid":{"rendered":"https:\/\/elterritorialweb.com.ar\/web\/?p=75000"},"modified":"2025-04-21T02:24:45","modified_gmt":"2025-04-21T02:24:45","slug":"a-los-80-anos-murio-el-loco-gatti","status":"publish","type":"post","link":"http:\/\/elterritorialweb.com.ar\/web\/a-los-80-anos-murio-el-loco-gatti\/","title":{"rendered":"A LOS 80 A\u00d1OS , MURI\u00d3  EL \u00abLOCO\u00bb GATTI"},"content":{"rendered":"\n<p><strong>Hugo Orlando \u201cEl Loco\u201d Gatti<\/strong>, uno de los arqueros con m\u00e1s historia en el f\u00fatbol argentino y creador de la atajada denominada&nbsp;<strong>\u201cla de Dios\u201d<\/strong>,&nbsp;<strong>muri\u00f3 este domingo a los 80 a\u00f1os.<\/strong>&nbsp;Ataj\u00f3 en River, Boca y hasta lleg\u00f3 a la Selecci\u00f3n argentina.<\/p>\n\n\n\n<p>Gatti, que en los \u00faltimos a\u00f1os ejerci\u00f3 como panelista en programas deportivos de Espa\u00f1a,&nbsp;<strong>hab\u00eda sido operado hace poco menos de un mes de la cadera por un accidente mientras paseaba a su perro.<\/strong>&nbsp;Unos d\u00edas despu\u00e9s&nbsp;<strong>su cuadro se agrav\u00f3 debido al ingreso de un virus a trav\u00e9s de su cadera<\/strong>, lo que le provoc\u00f3 un cuadro respiratorio agudo.<\/p>\n\n\n\n<p><strong>Gatti ya hab\u00eda estado en muy grave estado en 2020, a\u00f1o en el que se contagi\u00f3 de coronavirus<\/strong>, aunque luego de su recuperaci\u00f3n brome\u00f3 y afirm\u00f3:&nbsp;<strong>\u201cMe han matado en todos lados, pero yerba mala nunca muere\u201d.<\/strong><\/p>\n\n\n\n<p>\u201cEl Loco\u201d, que se retir\u00f3 en 1988 a los 44 a\u00f1os, fue&nbsp;<strong>poseedor de dos impresionantes r\u00e9cords en la historia del f\u00fatbol argentino<\/strong>: el primero de ellos es el de la&nbsp;<em><strong>mayor cantidad de partidos disputados en la Primera Divisi\u00f3n (765)<\/strong><\/em>, mientras que el segundo es el de&nbsp;<em><strong>mayor n\u00famero de penales atajados (26, junto a Ubaldo Fillol).<\/strong><\/em><\/p>\n\n\n\n<p><strong>Gatti fue creador de la tapada llamada \u201cla de Dios\u201d<\/strong>, que consist\u00eda en salir a achicar en un mano a mano de rodillas, poniendo el pecho y con los brazos abiertos.<\/p>\n\n\n\n<figure class=\"wp-block-image size-full\"><a href=\"https:\/\/i0.wp.com\/elterritorialweb.com.ar\/web\/wp-content\/uploads\/2025\/04\/images.jpeg\"><img data-recalc-dims=\"1\" decoding=\"async\" width=\"275\" height=\"183\" data-src=\"https:\/\/i0.wp.com\/elterritorialweb.com.ar\/web\/wp-content\/uploads\/2025\/04\/images.jpeg?resize=275%2C183\" alt=\"\" class=\"wp-image-75002 lazyload\" src=\"data:image\/svg+xml;base64,PHN2ZyB3aWR0aD0iMSIgaGVpZ2h0PSIxIiB4bWxucz0iaHR0cDovL3d3dy53My5vcmcvMjAwMC9zdmciPjwvc3ZnPg==\" style=\"--smush-placeholder-width: 275px; --smush-placeholder-aspect-ratio: 275\/183;\" \/><\/a><\/figure>\n\n\n\n<p>El ex arquero nacido en Carlos Tejedor el 19 de agosto de 1944&nbsp;<strong>debut\u00f3 como profesional con Atlanta en 1962. Luego se desempe\u00f1\u00f3 durante cuatro a\u00f1os en River, para luego pasar a Gimnasia y Esgrima La Plata (1969 a 1974) y Uni\u00f3n de Santa Fe (1975).<\/strong><\/p>\n\n\n\n<p>Sin embargo,&nbsp;<strong>sus mayores \u00e9xitos llegaron en Boca, equipo con el que jug\u00f3 entre 1976 y 1988.&nbsp;<\/strong>Durante aquel periodo,&nbsp;<strong>Gatti ataj\u00f3 en 417 partidos y gan\u00f3 los Metropolitanos de 1976 y 1981, el Nacional de 1976, las Copas Libertadores de 1977 y 1978 y la Copa Intercontinental de 1977<\/strong>, en la que derrotaron al Borussia Monchengladbach de Alemania.<\/p>\n\n\n\n<p><strong>Gatti tambi\u00e9n ataj\u00f3 durante 18 partidos en la Selecci\u00f3n argentina<\/strong>, donde se destaca su participaci\u00f3n en el Mundial de Inglaterra 1966 (no disput\u00f3 minutos) y en la Copa Am\u00e9rica de 1975.<\/p>\n\n\n\n<p>En los \u00faltimos meses,&nbsp;<strong>a mediados del 2024, Gatti ya hab\u00eda sufrido la muerte de su esposa, Nacha Nodar.<\/strong><\/p>\n\n\n\n<p><\/p>\n\n\n\n<p><\/p>\n\n\n\n<p><\/p>\n","protected":false},"excerpt":{"rendered":"<p>Ten\u00eda 80 a\u00f1os y se encontraba en terapia intensiva desde hace m\u00e1s de dos meses.<\/p>\n","protected":false},"author":2,"featured_media":75001,"comment_status":"open","ping_status":"open","sticky":false,"template":"","format":"standard","meta":{"om_disable_all_campaigns":false,"_monsterinsights_skip_tracking":false,"_monsterinsights_sitenote_active":false,"_monsterinsights_sitenote_note":"","_monsterinsights_sitenote_category":0,"_uf_show_specific_survey":0,"_uf_disable_surveys":false,"jetpack_post_was_ever_published":false,"_jetpack_newsletter_access":"","_jetpack_dont_email_post_to_subs":false,"_jetpack_newsletter_tier_id":0,"_jetpack_memberships_contains_paywalled_content":false,"_jetpack_memberships_contains_paid_content":false,"footnotes":"","jetpack_publicize_message":"","jetpack_publicize_feature_enabled":true,"jetpack_social_post_already_shared":false,"jetpack_social_options":{"image_generator_settings":{"template":"highway","enabled":false},"version":2}},"categories":[6,4],"tags":[1286],"class_list":["post-75000","post","type-post","status-publish","format-standard","has-post-thumbnail","hentry","category-deportes","category-destacadas","tag-hugo-orlando-gatti"],"aioseo_notices":[],"views":21,"jetpack_publicize_connections":[],"jetpack_featured_media_url":"https:\/\/i0.wp.com\/elterritorialweb.com.ar\/web\/wp-content\/uploads\/2025\/04\/gatti.jpg?fit=720%2C405","jetpack_sharing_enabled":true,"_links":{"self":[{"href":"http:\/\/elterritorialweb.com.ar\/web\/wp-json\/wp\/v2\/posts\/75000","targetHints":{"allow":["GET"]}}],"collection":[{"href":"http:\/\/elterritorialweb.com.ar\/web\/wp-json\/wp\/v2\/posts"}],"about":[{"href":"http:\/\/elterritorialweb.com.ar\/web\/wp-json\/wp\/v2\/types\/post"}],"author":[{"embeddable":true,"href":"http:\/\/elterritorialweb.com.ar\/web\/wp-json\/wp\/v2\/users\/2"}],"replies":[{"embeddable":true,"href":"http:\/\/elterritorialweb.com.ar\/web\/wp-json\/wp\/v2\/comments?post=75000"}],"version-history":[{"count":2,"href":"http:\/\/elterritorialweb.com.ar\/web\/wp-json\/wp\/v2\/posts\/75000\/revisions"}],"predecessor-version":[{"id":75004,"href":"http:\/\/elterritorialweb.com.ar\/web\/wp-json\/wp\/v2\/posts\/75000\/revisions\/75004"}],"wp:featuredmedia":[{"embeddable":true,"href":"http:\/\/elterritorialweb.com.ar\/web\/wp-json\/wp\/v2\/media\/75001"}],"wp:attachment":[{"href":"http:\/\/elterritorialweb.com.ar\/web\/wp-json\/wp\/v2\/media?parent=75000"}],"wp:term":[{"taxonomy":"category","embeddable":true,"href":"http:\/\/elterritorialweb.com.ar\/web\/wp-json\/wp\/v2\/categories?post=75000"},{"taxonomy":"post_tag","embeddable":true,"href":"http:\/\/elterritorialweb.com.ar\/web\/wp-json\/wp\/v2\/tags?post=75000"}],"curies":[{"name":"wp","href":"https:\/\/api.w.org\/{rel}","templated":true}]}}