{"id":75005,"date":"2025-04-21T02:31:28","date_gmt":"2025-04-21T02:31:28","guid":{"rendered":"https:\/\/elterritorialweb.com.ar\/web\/?p=75005"},"modified":"2025-04-21T02:31:30","modified_gmt":"2025-04-21T02:31:30","slug":"calidad-de-vida-de-la-capital-informo-su-programa-de-fumigacionws-preventivas-para-esta-semana","status":"publish","type":"post","link":"http:\/\/elterritorialweb.com.ar\/web\/calidad-de-vida-de-la-capital-informo-su-programa-de-fumigacionws-preventivas-para-esta-semana\/","title":{"rendered":"CALIDAD DE VIDA DE LA CAPITAL INFORM\u00d3 SU PROGRAMA DE FUMIGACIONWS PREVENTIVAS PARA ESTA SEMANA"},"content":{"rendered":"\n<p>El lunes se trabajar\u00e1 en los barrios Villa del Carmen, Nestor Kirchner, Sixto Palavecino, Vinalar, Santa Luc\u00eda e Industria.<\/p>\n\n\n\n<p>El martes las tareas se localizar\u00e1n en los barrios Siglo XX, Siglo XXI, Saint Germ\u00e9s, Ejercito Argentino, Am\u00e9rica del Sur, Juan Diaz de Sol\u00eds y Campo Contreras.<\/p>\n\n\n\n<p>El mi\u00e9rcoles las pulverizaciones se realizar\u00e1n en los barrios Juramento, Sarmiento, Ram\u00f3n Carrillo, Tradici\u00f3n. Primera Junta e Inmigrantes.<\/p>\n\n\n\n<p>El jueves ser\u00e1 el turno de los barrios Congreso, Francisco de Aguirre, S\u00e1enz Pe\u00f1a, Centenario, Rivadavia, Colon, Juan Felipe Ibarra y Jorge Newbery. <\/p>\n\n\n\n<p>El viernes est\u00e1n previstas las fumigaciones en los barrios Mariano Moreno, Libertad, San Mart\u00edn, Don Bosco, Bruno Volta y Mosconi.<\/p>\n","protected":false},"excerpt":{"rendered":"<p>La Direcci\u00f3n de Calidad de Vida de la Municipalidad de la Capital inform\u00f3 de qu\u00e9 manera continuar\u00e1 su cronograma de fumigaciones preventivas para esta semana y que abarcar\u00e1 diferentes sectores de la ciudad.<\/p>\n","protected":false},"author":2,"featured_media":75006,"comment_status":"open","ping_status":"open","sticky":false,"template":"","format":"standard","meta":{"om_disable_all_campaigns":false,"_monsterinsights_skip_tracking":false,"_monsterinsights_sitenote_active":false,"_monsterinsights_sitenote_note":"","_monsterinsights_sitenote_category":0,"_uf_show_specific_survey":0,"_uf_disable_surveys":false,"jetpack_post_was_ever_published":false,"_jetpack_newsletter_access":"","_jetpack_dont_email_post_to_subs":false,"_jetpack_newsletter_tier_id":0,"_jetpack_memberships_contains_paywalled_content":false,"_jetpack_memberships_contains_paid_content":false,"footnotes":"","jetpack_publicize_message":"","jetpack_publicize_feature_enabled":true,"jetpack_social_post_already_shared":false,"jetpack_social_options":{"image_generator_settings":{"template":"highway","enabled":false},"version":2}},"categories":[21],"tags":[113,73],"class_list":["post-75005","post","type-post","status-publish","format-standard","has-post-thumbnail","hentry","category-locales","tag-fumigacion","tag-municipalidad-de-la-capital"],"aioseo_notices":[],"views":17,"jetpack_publicize_connections":[],"jetpack_featured_media_url":"https:\/\/i0.wp.com\/elterritorialweb.com.ar\/web\/wp-content\/uploads\/2025\/04\/FUMIGACION--scaled.jpg?fit=2560%2C1706","jetpack_sharing_enabled":true,"_links":{"self":[{"href":"http:\/\/elterritorialweb.com.ar\/web\/wp-json\/wp\/v2\/posts\/75005","targetHints":{"allow":["GET"]}}],"collection":[{"href":"http:\/\/elterritorialweb.com.ar\/web\/wp-json\/wp\/v2\/posts"}],"about":[{"href":"http:\/\/elterritorialweb.com.ar\/web\/wp-json\/wp\/v2\/types\/post"}],"author":[{"embeddable":true,"href":"http:\/\/elterritorialweb.com.ar\/web\/wp-json\/wp\/v2\/users\/2"}],"replies":[{"embeddable":true,"href":"http:\/\/elterritorialweb.com.ar\/web\/wp-json\/wp\/v2\/comments?post=75005"}],"version-history":[{"count":2,"href":"http:\/\/elterritorialweb.com.ar\/web\/wp-json\/wp\/v2\/posts\/75005\/revisions"}],"predecessor-version":[{"id":75008,"href":"http:\/\/elterritorialweb.com.ar\/web\/wp-json\/wp\/v2\/posts\/75005\/revisions\/75008"}],"wp:featuredmedia":[{"embeddable":true,"href":"http:\/\/elterritorialweb.com.ar\/web\/wp-json\/wp\/v2\/media\/75006"}],"wp:attachment":[{"href":"http:\/\/elterritorialweb.com.ar\/web\/wp-json\/wp\/v2\/media?parent=75005"}],"wp:term":[{"taxonomy":"category","embeddable":true,"href":"http:\/\/elterritorialweb.com.ar\/web\/wp-json\/wp\/v2\/categories?post=75005"},{"taxonomy":"post_tag","embeddable":true,"href":"http:\/\/elterritorialweb.com.ar\/web\/wp-json\/wp\/v2\/tags?post=75005"}],"curies":[{"name":"wp","href":"https:\/\/api.w.org\/{rel}","templated":true}]}}