{"id":75009,"date":"2025-04-21T02:44:44","date_gmt":"2025-04-21T02:44:44","guid":{"rendered":"https:\/\/elterritorialweb.com.ar\/web\/?p=75009"},"modified":"2025-04-21T02:44:48","modified_gmt":"2025-04-21T02:44:48","slug":"javier-milei-despidio-al-loco-gatti","status":"publish","type":"post","link":"http:\/\/elterritorialweb.com.ar\/web\/javier-milei-despidio-al-loco-gatti\/","title":{"rendered":"JAVIER MILEI DESPIDI\u00d3 AL \u00abLOCO\u00bb GATTI"},"content":{"rendered":"\n<p><strong>Hugo Orlando Gatti<\/strong>, \u00eddolo de Boca y figura hist\u00f3rica del f\u00fatbol argentino,\u00a0<strong>muri\u00f3 este domingo a los 80 a\u00f1os<\/strong>, y el presidente Javier Milei se sum\u00f3 a los saludos.<\/p>\n\n\n\n<p><strong>\u201cADI\u00d3S COLEGA (si se me lo permite)\u201d<\/strong>, escribi\u00f3 el mandatario junto a una foto del exarquero en su \u00e9poca \u201cxeneize\u201d. El libertario hizo alusi\u00f3n a su pasado como guardametas.<\/p>\n\n\n\n<figure class=\"wp-block-embed is-type-rich is-provider-twitter wp-block-embed-twitter\"><div class=\"wp-block-embed__wrapper\">\n<div class=\"embed-twitter\"><blockquote class=\"twitter-tweet\" data-width=\"550\" data-dnt=\"true\"><p lang=\"es\" dir=\"ltr\">ADI\u00d3S COLEGA (si se me lo permite). <a href=\"https:\/\/t.co\/bsYmeC2TM5\">pic.twitter.com\/bsYmeC2TM5<\/a><\/p>&mdash; Javier Milei (@JMilei) <a href=\"https:\/\/twitter.com\/JMilei\/status\/1914072101398646995?ref_src=twsrc%5Etfw\">April 20, 2025<\/a><\/blockquote><script async src=\"https:\/\/platform.twitter.com\/widgets.js\" charset=\"utf-8\"><\/script><\/div>\n<\/div><\/figure>\n","protected":false},"excerpt":{"rendered":"<p>El Presidente public\u00f3 una foto del fallecido exarquero de Boca, al que trat\u00f3 de colega por su pasado como guardametas.<\/p>\n","protected":false},"author":2,"featured_media":68952,"comment_status":"open","ping_status":"open","sticky":false,"template":"","format":"standard","meta":{"om_disable_all_campaigns":false,"_monsterinsights_skip_tracking":false,"_monsterinsights_sitenote_active":false,"_monsterinsights_sitenote_note":"","_monsterinsights_sitenote_category":0,"_uf_show_specific_survey":0,"_uf_disable_surveys":false,"jetpack_post_was_ever_published":false,"_jetpack_newsletter_access":"","_jetpack_dont_email_post_to_subs":false,"_jetpack_newsletter_tier_id":0,"_jetpack_memberships_contains_paywalled_content":false,"_jetpack_memberships_contains_paid_content":false,"footnotes":"","jetpack_publicize_message":"","jetpack_publicize_feature_enabled":true,"jetpack_social_post_already_shared":false,"jetpack_social_options":{"image_generator_settings":{"template":"highway","enabled":false},"version":2}},"categories":[4,7],"tags":[1286,92],"class_list":["post-75009","post","type-post","status-publish","format-standard","has-post-thumbnail","hentry","category-destacadas","category-nacionales","tag-hugo-orlando-gatti","tag-javier-milei"],"aioseo_notices":[],"views":17,"jetpack_publicize_connections":[],"jetpack_featured_media_url":"https:\/\/i0.wp.com\/elterritorialweb.com.ar\/web\/wp-content\/uploads\/2024\/08\/MILEI-CONTRA-LA-OPOSICION.jpg?fit=1280%2C937","jetpack_sharing_enabled":true,"_links":{"self":[{"href":"http:\/\/elterritorialweb.com.ar\/web\/wp-json\/wp\/v2\/posts\/75009","targetHints":{"allow":["GET"]}}],"collection":[{"href":"http:\/\/elterritorialweb.com.ar\/web\/wp-json\/wp\/v2\/posts"}],"about":[{"href":"http:\/\/elterritorialweb.com.ar\/web\/wp-json\/wp\/v2\/types\/post"}],"author":[{"embeddable":true,"href":"http:\/\/elterritorialweb.com.ar\/web\/wp-json\/wp\/v2\/users\/2"}],"replies":[{"embeddable":true,"href":"http:\/\/elterritorialweb.com.ar\/web\/wp-json\/wp\/v2\/comments?post=75009"}],"version-history":[{"count":2,"href":"http:\/\/elterritorialweb.com.ar\/web\/wp-json\/wp\/v2\/posts\/75009\/revisions"}],"predecessor-version":[{"id":75011,"href":"http:\/\/elterritorialweb.com.ar\/web\/wp-json\/wp\/v2\/posts\/75009\/revisions\/75011"}],"wp:featuredmedia":[{"embeddable":true,"href":"http:\/\/elterritorialweb.com.ar\/web\/wp-json\/wp\/v2\/media\/68952"}],"wp:attachment":[{"href":"http:\/\/elterritorialweb.com.ar\/web\/wp-json\/wp\/v2\/media?parent=75009"}],"wp:term":[{"taxonomy":"category","embeddable":true,"href":"http:\/\/elterritorialweb.com.ar\/web\/wp-json\/wp\/v2\/categories?post=75009"},{"taxonomy":"post_tag","embeddable":true,"href":"http:\/\/elterritorialweb.com.ar\/web\/wp-json\/wp\/v2\/tags?post=75009"}],"curies":[{"name":"wp","href":"https:\/\/api.w.org\/{rel}","templated":true}]}}