{"id":75032,"date":"2025-04-22T03:33:30","date_gmt":"2025-04-22T03:33:30","guid":{"rendered":"https:\/\/elterritorialweb.com.ar\/web\/?p=75032"},"modified":"2025-04-22T03:33:38","modified_gmt":"2025-04-22T03:33:38","slug":"la-republica-arabe-siria-celebro-el-79aniversario-de-su-independencia","status":"publish","type":"post","link":"http:\/\/elterritorialweb.com.ar\/web\/la-republica-arabe-siria-celebro-el-79aniversario-de-su-independencia\/","title":{"rendered":"LA REP\u00daBLICA \u00c1RABE SIRIA CELEBR\u00d3 EL 79\u00b0ANIVERSARIO DE SU INDEPENDENCIA"},"content":{"rendered":"\n<p>Estuvieron presentes en representaci\u00f3n del Poder Ejecutivo, el vicegobernador <strong>Carlos Silva Neder<\/strong>; acompa\u00f1ado por el ministro de Gobierno, <strong>Marcelo Barbur<\/strong>, junto con la intendente de la ciudad Capital, <strong>Norma Fuentes<\/strong>; el presidente de la Sociedad Sirio Libanesa, <strong>Eden Habel Sapag<\/strong>, y la vicepresidente, <strong>Lilian Jozami<\/strong>, entre otros miembros de la colectividad.<\/p>\n\n\n\n<p>Tras el izamiento de banderas y las ofrendas florales, se realiz\u00f3 un minuto de silencio por las v\u00edctimas de la guerra en Siria y por el fallecimiento del Papa Francisco.<\/p>\n\n\n\n<p>Las palabras alusivas estuvieron a cargo del presidente de la Sociedad Sirio Libanesa, quien hizo una breve rese\u00f1a de la historia de la llegada de sus compatriotas a la Rep\u00fablica Argentina, sobre todo a la provincia de Santiago del Estero.<\/p>\n\n\n\n<p>La ceremonia finaliz\u00f3 con la presentaci\u00f3n de alumnos del Jard\u00edn de Infantes Argentino-\u00c1rabe \u201cShams\u00bb, quienes realizaron una colorida intervenci\u00f3n art\u00edstica.<\/p>\n","protected":false},"excerpt":{"rendered":"<p>Este lunes por la ma\u00f1ana se realiz\u00f3 el acto por el 79\u00b0 Aniversario de la Independencia de la Rep\u00fablica de \u00c1rabe de Siria, en el Paseo \u00abDr. Abraham Camilo Brahim\u201d de la ciudad Capital.<\/p>\n","protected":false},"author":2,"featured_media":75033,"comment_status":"open","ping_status":"open","sticky":false,"template":"","format":"standard","meta":{"om_disable_all_campaigns":false,"_monsterinsights_skip_tracking":false,"_monsterinsights_sitenote_active":false,"_monsterinsights_sitenote_note":"","_monsterinsights_sitenote_category":0,"_uf_show_specific_survey":0,"_uf_disable_surveys":false,"jetpack_post_was_ever_published":false,"_jetpack_newsletter_access":"","_jetpack_dont_email_post_to_subs":false,"_jetpack_newsletter_tier_id":0,"_jetpack_memberships_contains_paywalled_content":false,"_jetpack_memberships_contains_paid_content":false,"footnotes":"","jetpack_publicize_message":"","jetpack_publicize_feature_enabled":true,"jetpack_social_post_already_shared":false,"jetpack_social_options":{"image_generator_settings":{"template":"highway","enabled":false},"version":2}},"categories":[4,21],"tags":[],"class_list":["post-75032","post","type-post","status-publish","format-standard","has-post-thumbnail","hentry","category-destacadas","category-locales"],"aioseo_notices":[],"views":14,"jetpack_publicize_connections":[],"jetpack_featured_media_url":"https:\/\/i0.wp.com\/elterritorialweb.com.ar\/web\/wp-content\/uploads\/2025\/04\/IMG-20250421-WA0024.jpg?fit=2560%2C1706","jetpack_sharing_enabled":true,"_links":{"self":[{"href":"http:\/\/elterritorialweb.com.ar\/web\/wp-json\/wp\/v2\/posts\/75032","targetHints":{"allow":["GET"]}}],"collection":[{"href":"http:\/\/elterritorialweb.com.ar\/web\/wp-json\/wp\/v2\/posts"}],"about":[{"href":"http:\/\/elterritorialweb.com.ar\/web\/wp-json\/wp\/v2\/types\/post"}],"author":[{"embeddable":true,"href":"http:\/\/elterritorialweb.com.ar\/web\/wp-json\/wp\/v2\/users\/2"}],"replies":[{"embeddable":true,"href":"http:\/\/elterritorialweb.com.ar\/web\/wp-json\/wp\/v2\/comments?post=75032"}],"version-history":[{"count":2,"href":"http:\/\/elterritorialweb.com.ar\/web\/wp-json\/wp\/v2\/posts\/75032\/revisions"}],"predecessor-version":[{"id":75035,"href":"http:\/\/elterritorialweb.com.ar\/web\/wp-json\/wp\/v2\/posts\/75032\/revisions\/75035"}],"wp:featuredmedia":[{"embeddable":true,"href":"http:\/\/elterritorialweb.com.ar\/web\/wp-json\/wp\/v2\/media\/75033"}],"wp:attachment":[{"href":"http:\/\/elterritorialweb.com.ar\/web\/wp-json\/wp\/v2\/media?parent=75032"}],"wp:term":[{"taxonomy":"category","embeddable":true,"href":"http:\/\/elterritorialweb.com.ar\/web\/wp-json\/wp\/v2\/categories?post=75032"},{"taxonomy":"post_tag","embeddable":true,"href":"http:\/\/elterritorialweb.com.ar\/web\/wp-json\/wp\/v2\/tags?post=75032"}],"curies":[{"name":"wp","href":"https:\/\/api.w.org\/{rel}","templated":true}]}}