{"id":75040,"date":"2025-04-22T03:44:13","date_gmt":"2025-04-22T03:44:13","guid":{"rendered":"https:\/\/elterritorialweb.com.ar\/web\/?p=75040"},"modified":"2025-04-22T03:44:15","modified_gmt":"2025-04-22T03:44:15","slug":"dia-del-animal-con-una-jornada-artistica-y-educariva-en-la-calle-peru","status":"publish","type":"post","link":"http:\/\/elterritorialweb.com.ar\/web\/dia-del-animal-con-una-jornada-artistica-y-educariva-en-la-calle-peru\/","title":{"rendered":"D\u00cdA DEL ANIMAL CON UNA JORNADA ART\u00cdSTICA Y EDUCARIVA EN LA CALLE PER\u00da"},"content":{"rendered":"\n<p>El gran encuentro contar\u00e1 con la participaci\u00f3n de escuelas, asociaciones civiles, fundaciones, ONGs y proteccionistas independientes, as\u00ed como tambi\u00e9n una feria tipo garage con stands de productos, propuestas gastron\u00f3micas y espacios de encuentro e informaci\u00f3n.<\/p>\n\n\n\n<p>Entre los atractivos de la jornada se destacan la esperada granja m\u00f3vil, que permitir\u00e1 el contacto directo con animales de granja en un entorno cuidado y pedag\u00f3gico, y las mesas de adopci\u00f3n responsable, un espacio fundamental para fomentar la adopci\u00f3n y visibilizar el trabajo comprometido de quienes cuidan y rescatan animales en situaci\u00f3n de vulnerabilidad.<\/p>\n\n\n\n<p>La propuesta busca sensibilizar, informar y celebrar la conexi\u00f3n que nos une con los animales, reforzando valores como la solidaridad, el cuidado mutuo y la construcci\u00f3n de una sociedad m\u00e1s justa e inclusiva para todas las especies.<\/p>\n\n\n\n<p>La cita ser\u00e1 muy particular ya que se vivir\u00e1 en plena calle el <strong>martes 29 de abril de 10 a 20 horas en Per\u00fa 554 (entre Chacabuco y Alvear)<\/strong>. All\u00ed se montar\u00e1 el escenario para los espect\u00e1culos, el arte, las actividades educativas y un fuerte mensaje de empat\u00eda y respeto hacia todos los seres vivos.<\/p>\n\n\n\n<p>En el transcurso del d\u00eda, se podr\u00e1 disfrutar de m\u00e1s de 40 artistas en escena, m\u00fasica en vivo, intervenciones art\u00edsticas, actividades l\u00fadicas y recreativas pensadas para toda la familia.<\/p>\n\n\n\n<p>Cabe destacar que el <strong>29 de abril se celebra el D\u00eda del Animal en Argentina <\/strong>en conmemoraci\u00f3n al fallecimiento de Ignacio Lucas Albarrac\u00edn, un abogado y pionero en la defensa de los derechos de los animales en el pa\u00eds.<\/p>\n\n\n\n<p>Albarrac\u00edn falleci\u00f3 ese d\u00eda en 1926 y su legado en la lucha por la protecci\u00f3n animal se conmemora con esta fecha.<br>Fue un abogado cordob\u00e9s que se dedic\u00f3 a la defensa de los animales, especialmente contra la crueldad en espect\u00e1culos como las corridas de toros y las ri\u00f1as de gallos.<\/p>\n\n\n\n<p>Fue una persona activa dentro de la sociedad, que luego impuls\u00f3 la celebraci\u00f3n del D\u00eda del Animal y precursor en la lucha por la aprobaci\u00f3n de la Ley Nacional de Protecci\u00f3n Animal, que fue pionera en su tipo y que luego inspir\u00f3 a otros pa\u00edses.<\/p>\n\n\n\n<p>La fecha de su fallecimiento, el 29 de abril, fue elegida para conmemorar su labor y la importancia de la protecci\u00f3n animal.<\/p>\n","protected":false},"excerpt":{"rendered":"<p>C\u00f3mo cada a\u00f1o \u201cBichos\u201d, la Asociaci\u00f3n Protectora de Animales fundada en el 2008, realizar\u00e1 el martes 29 de abril con una jornada muy especial por el \u00abD\u00eda Nacional del Animal\u00bb.<\/p>\n","protected":false},"author":2,"featured_media":75041,"comment_status":"open","ping_status":"open","sticky":false,"template":"","format":"standard","meta":{"om_disable_all_campaigns":false,"_monsterinsights_skip_tracking":false,"_monsterinsights_sitenote_active":false,"_monsterinsights_sitenote_note":"","_monsterinsights_sitenote_category":0,"_uf_show_specific_survey":0,"_uf_disable_surveys":false,"jetpack_post_was_ever_published":false,"_jetpack_newsletter_access":"","_jetpack_dont_email_post_to_subs":false,"_jetpack_newsletter_tier_id":0,"_jetpack_memberships_contains_paywalled_content":false,"_jetpack_memberships_contains_paid_content":false,"footnotes":"","jetpack_publicize_message":"","jetpack_publicize_feature_enabled":true,"jetpack_social_post_already_shared":false,"jetpack_social_options":{"image_generator_settings":{"template":"highway","enabled":false},"version":2}},"categories":[21],"tags":[1287],"class_list":["post-75040","post","type-post","status-publish","format-standard","has-post-thumbnail","hentry","category-locales","tag-dia-del-animal"],"aioseo_notices":[],"views":9,"jetpack_publicize_connections":[],"jetpack_featured_media_url":"https:\/\/i0.wp.com\/elterritorialweb.com.ar\/web\/wp-content\/uploads\/2025\/04\/IMG-20250421-WA0025.jpg?fit=1200%2C675","jetpack_sharing_enabled":true,"_links":{"self":[{"href":"http:\/\/elterritorialweb.com.ar\/web\/wp-json\/wp\/v2\/posts\/75040","targetHints":{"allow":["GET"]}}],"collection":[{"href":"http:\/\/elterritorialweb.com.ar\/web\/wp-json\/wp\/v2\/posts"}],"about":[{"href":"http:\/\/elterritorialweb.com.ar\/web\/wp-json\/wp\/v2\/types\/post"}],"author":[{"embeddable":true,"href":"http:\/\/elterritorialweb.com.ar\/web\/wp-json\/wp\/v2\/users\/2"}],"replies":[{"embeddable":true,"href":"http:\/\/elterritorialweb.com.ar\/web\/wp-json\/wp\/v2\/comments?post=75040"}],"version-history":[{"count":2,"href":"http:\/\/elterritorialweb.com.ar\/web\/wp-json\/wp\/v2\/posts\/75040\/revisions"}],"predecessor-version":[{"id":75043,"href":"http:\/\/elterritorialweb.com.ar\/web\/wp-json\/wp\/v2\/posts\/75040\/revisions\/75043"}],"wp:featuredmedia":[{"embeddable":true,"href":"http:\/\/elterritorialweb.com.ar\/web\/wp-json\/wp\/v2\/media\/75041"}],"wp:attachment":[{"href":"http:\/\/elterritorialweb.com.ar\/web\/wp-json\/wp\/v2\/media?parent=75040"}],"wp:term":[{"taxonomy":"category","embeddable":true,"href":"http:\/\/elterritorialweb.com.ar\/web\/wp-json\/wp\/v2\/categories?post=75040"},{"taxonomy":"post_tag","embeddable":true,"href":"http:\/\/elterritorialweb.com.ar\/web\/wp-json\/wp\/v2\/tags?post=75040"}],"curies":[{"name":"wp","href":"https:\/\/api.w.org\/{rel}","templated":true}]}}