{"id":75054,"date":"2025-04-22T04:19:12","date_gmt":"2025-04-22T04:19:12","guid":{"rendered":"https:\/\/elterritorialweb.com.ar\/web\/?p=75054"},"modified":"2025-04-22T04:19:14","modified_gmt":"2025-04-22T04:19:14","slug":"abuchearon-a-victoria-villarruel-a-la-salida-de-la-misa-homenaje-al-papa-francisco","status":"publish","type":"post","link":"http:\/\/elterritorialweb.com.ar\/web\/abuchearon-a-victoria-villarruel-a-la-salida-de-la-misa-homenaje-al-papa-francisco\/","title":{"rendered":"ABUCHEARON A VICTORIA VILLARRUEL A LA SALIDA DE LA MISA HOMENAJE AL PAPA FRANCISCO"},"content":{"rendered":"\n<p><strong>La vicepresidenta\u00a0Victoria Villaruel<\/strong>\u00a0fue abucheada e insultada a la salida de la misa en homenaje al\u00a0<strong>Papa Francisco<\/strong>, que se desarroll\u00f3 esta tarde en la\u00a0<strong>Bas\u00edlica de San Jos\u00e9 de Flores<\/strong>.<\/p>\n\n\n\n<p>Al canto de \u00abOl\u00e9 ol\u00e9, ol\u00e9 ol\u00e1, como a los nazis les va a pasar, a donde vayan los iremos a buscar\u00bb, Villaruel fue despedida por un grupo de personas que se apostaban en las escalinatas de la iglesia.<\/p>\n\n\n\n<p>La ceremonia se llev\u00f3 a cabo en la Bas\u00edlica donde&nbsp;<strong>Jorge Mario Bergoglio<\/strong>&nbsp;se cri\u00f3 y en la que, adem\u00e1s, tuvo la revelaci\u00f3n que lo hizo convertirse en sacerdote.&nbsp;<\/p>\n\n\n\n<p>La misma fue encabezada por el&nbsp;<strong>arzobispo de Buenos Aires<\/strong>,&nbsp;<strong>Jorge Garc\u00eda Cuerva<\/strong>, quien destac\u00f3 a Francisco por \u00abno tapar los problemas\u00bb del mundo sino por \u00abponerlos sobre la mesa para generar debate y discusi\u00f3n\u00bb.&nbsp;<\/p>\n\n\n\n<p>Adem\u00e1s, llam\u00f3 a \u00abvivir su legado\u00bb mediante \u00abla unidad que tanto necesitamos\u00bb.<\/p>\n","protected":false},"excerpt":{"rendered":"<p>La ceremonia fue encabezada por el Arzobispo de Buenos Aires, Jorge Garc\u00eda Cuerva.<\/p>\n","protected":false},"author":2,"featured_media":75055,"comment_status":"open","ping_status":"open","sticky":false,"template":"","format":"standard","meta":{"om_disable_all_campaigns":false,"_monsterinsights_skip_tracking":false,"_monsterinsights_sitenote_active":false,"_monsterinsights_sitenote_note":"","_monsterinsights_sitenote_category":0,"_uf_show_specific_survey":0,"_uf_disable_surveys":false,"jetpack_post_was_ever_published":false,"_jetpack_newsletter_access":"","_jetpack_dont_email_post_to_subs":false,"_jetpack_newsletter_tier_id":0,"_jetpack_memberships_contains_paywalled_content":false,"_jetpack_memberships_contains_paid_content":false,"footnotes":"","jetpack_publicize_message":"","jetpack_publicize_feature_enabled":true,"jetpack_social_post_already_shared":false,"jetpack_social_options":{"image_generator_settings":{"template":"highway","enabled":false},"version":2}},"categories":[4,7],"tags":[783],"class_list":["post-75054","post","type-post","status-publish","format-standard","has-post-thumbnail","hentry","category-destacadas","category-nacionales","tag-victoria-villarruel"],"aioseo_notices":[],"views":24,"jetpack_publicize_connections":[],"jetpack_featured_media_url":"https:\/\/i0.wp.com\/elterritorialweb.com.ar\/web\/wp-content\/uploads\/2025\/04\/Screenshot_20250422_011737_Chrome.jpg?fit=858%2C565","jetpack_sharing_enabled":true,"_links":{"self":[{"href":"http:\/\/elterritorialweb.com.ar\/web\/wp-json\/wp\/v2\/posts\/75054","targetHints":{"allow":["GET"]}}],"collection":[{"href":"http:\/\/elterritorialweb.com.ar\/web\/wp-json\/wp\/v2\/posts"}],"about":[{"href":"http:\/\/elterritorialweb.com.ar\/web\/wp-json\/wp\/v2\/types\/post"}],"author":[{"embeddable":true,"href":"http:\/\/elterritorialweb.com.ar\/web\/wp-json\/wp\/v2\/users\/2"}],"replies":[{"embeddable":true,"href":"http:\/\/elterritorialweb.com.ar\/web\/wp-json\/wp\/v2\/comments?post=75054"}],"version-history":[{"count":2,"href":"http:\/\/elterritorialweb.com.ar\/web\/wp-json\/wp\/v2\/posts\/75054\/revisions"}],"predecessor-version":[{"id":75057,"href":"http:\/\/elterritorialweb.com.ar\/web\/wp-json\/wp\/v2\/posts\/75054\/revisions\/75057"}],"wp:featuredmedia":[{"embeddable":true,"href":"http:\/\/elterritorialweb.com.ar\/web\/wp-json\/wp\/v2\/media\/75055"}],"wp:attachment":[{"href":"http:\/\/elterritorialweb.com.ar\/web\/wp-json\/wp\/v2\/media?parent=75054"}],"wp:term":[{"taxonomy":"category","embeddable":true,"href":"http:\/\/elterritorialweb.com.ar\/web\/wp-json\/wp\/v2\/categories?post=75054"},{"taxonomy":"post_tag","embeddable":true,"href":"http:\/\/elterritorialweb.com.ar\/web\/wp-json\/wp\/v2\/tags?post=75054"}],"curies":[{"name":"wp","href":"https:\/\/api.w.org\/{rel}","templated":true}]}}