{"id":75058,"date":"2025-04-22T14:36:35","date_gmt":"2025-04-22T14:36:35","guid":{"rendered":"https:\/\/elterritorialweb.com.ar\/web\/?p=75058"},"modified":"2025-04-22T14:37:49","modified_gmt":"2025-04-22T14:37:49","slug":"hotel-miranda-este-viernes-en-santiago","status":"publish","type":"post","link":"http:\/\/elterritorialweb.com.ar\/web\/hotel-miranda-este-viernes-en-santiago\/","title":{"rendered":"HOTEL MIRANDA! ESTE VIERNES EN SANTIAGO"},"content":{"rendered":"\n<p>M\u00e1s de diez bailarines en escena, visuales creando diferentes atm\u00f3sferas, cambios de vestuario y una puesta en escena sin precedentes para la provincia es la propuesta que trae Miranda! a Santiago del Estero para festejar el reencuentro con su p\u00fablico despu\u00e9s de una larga espera.<\/p>\n\n\n\n<p>El d\u00fao conformado por <strong>Ale Sergi<\/strong> y <strong>Juliana Gattas<\/strong> invita a recorrer junto a ellos un viaje que pasar\u00e1 por canciones que son parte de sus primeros a\u00f1os como banda, pero tambi\u00e9n nuevas composiciones que dan inicio a otra etapa sonora y conceptual en su carrera.<\/p>\n\n\n\n<figure class=\"wp-block-image size-large\"><a href=\"https:\/\/i0.wp.com\/elterritorialweb.com.ar\/web\/wp-content\/uploads\/2025\/02\/hotel-Miranda.jpeg\"><img data-recalc-dims=\"1\" decoding=\"async\" width=\"640\" height=\"301\" data-src=\"https:\/\/i0.wp.com\/elterritorialweb.com.ar\/web\/wp-content\/uploads\/2025\/02\/hotel-Miranda.jpeg?resize=640%2C301\" alt=\"\" class=\"wp-image-73218 lazyload\" data-srcset=\"https:\/\/i0.wp.com\/elterritorialweb.com.ar\/web\/wp-content\/uploads\/2025\/02\/hotel-Miranda.jpeg?resize=1024%2C482 1024w, https:\/\/i0.wp.com\/elterritorialweb.com.ar\/web\/wp-content\/uploads\/2025\/02\/hotel-Miranda.jpeg?resize=300%2C141 300w, https:\/\/i0.wp.com\/elterritorialweb.com.ar\/web\/wp-content\/uploads\/2025\/02\/hotel-Miranda.jpeg?resize=768%2C362 768w, https:\/\/i0.wp.com\/elterritorialweb.com.ar\/web\/wp-content\/uploads\/2025\/02\/hotel-Miranda.jpeg?w=1030 1030w\" data-sizes=\"(max-width: 640px) 100vw, 640px\" src=\"data:image\/svg+xml;base64,PHN2ZyB3aWR0aD0iMSIgaGVpZ2h0PSIxIiB4bWxucz0iaHR0cDovL3d3dy53My5vcmcvMjAwMC9zdmciPjwvc3ZnPg==\" style=\"--smush-placeholder-width: 640px; --smush-placeholder-aspect-ratio: 640\/301;\" \/><\/a><\/figure>\n\n\n\n<p><strong>HOTEL MIRANDA! <\/strong>es una mega producci\u00f3n sonora y audiovisual, con una historia que se desarrolla dentro de un incre\u00edble hotel en el que Ale y Juli, encarnando a los particulares due\u00f1os del lugar, controlan todos los movimientos y check in. <\/p>\n\n\n\n<p>Como las distintas partes del hotel, cada canci\u00f3n del show cuenta con un artista invitado que ser\u00e1 un hu\u00e9sped en este viaje \u00fanico y lleno del mejor pop. El show revisitar\u00e1 los cl\u00e1sicos de Miranda!, as\u00ed como joyas ocultas, siempre sorprendiendo.<\/p>\n\n\n\n<p>Puedes conseguir tu entradas en Patsy (Irigoyen y Chacabuco), Beauty Sal\u00f3n (Gal.Paseo de la Ciudad local 31) y Paseshow.com.ar en 3 cuotas en inter\u00e9s con Tarjeta Sol.<\/p>\n","protected":false},"excerpt":{"rendered":"<p>Con cambios de vestuario, bailarines y una nueva e impactante puesta en escena el d\u00fao pop m\u00e1s importante de Argentina, Miranda se presenta este viernes 25 de Abril a las 21 en el Nodo Tecnol\u00f3gico.<\/p>\n","protected":false},"author":2,"featured_media":75059,"comment_status":"open","ping_status":"open","sticky":false,"template":"","format":"standard","meta":{"om_disable_all_campaigns":false,"_monsterinsights_skip_tracking":false,"_monsterinsights_sitenote_active":false,"_monsterinsights_sitenote_note":"","_monsterinsights_sitenote_category":0,"_uf_show_specific_survey":0,"_uf_disable_surveys":false,"jetpack_post_was_ever_published":false,"_jetpack_newsletter_access":"","_jetpack_dont_email_post_to_subs":false,"_jetpack_newsletter_tier_id":0,"_jetpack_memberships_contains_paywalled_content":false,"_jetpack_memberships_contains_paid_content":false,"footnotes":"","jetpack_publicize_message":"","jetpack_publicize_feature_enabled":true,"jetpack_social_post_already_shared":false,"jetpack_social_options":{"image_generator_settings":{"template":"highway","enabled":false},"version":2}},"categories":[4,20],"tags":[1126,346],"class_list":["post-75058","post","type-post","status-publish","format-standard","has-post-thumbnail","hentry","category-destacadas","category-especysociales","tag-miranda","tag-nodo-tecnologico"],"aioseo_notices":[],"views":26,"jetpack_publicize_connections":[],"jetpack_featured_media_url":"https:\/\/i0.wp.com\/elterritorialweb.com.ar\/web\/wp-content\/uploads\/2025\/04\/IMG-20250422-WA0005.jpg?fit=1600%2C1067","jetpack_sharing_enabled":true,"_links":{"self":[{"href":"http:\/\/elterritorialweb.com.ar\/web\/wp-json\/wp\/v2\/posts\/75058","targetHints":{"allow":["GET"]}}],"collection":[{"href":"http:\/\/elterritorialweb.com.ar\/web\/wp-json\/wp\/v2\/posts"}],"about":[{"href":"http:\/\/elterritorialweb.com.ar\/web\/wp-json\/wp\/v2\/types\/post"}],"author":[{"embeddable":true,"href":"http:\/\/elterritorialweb.com.ar\/web\/wp-json\/wp\/v2\/users\/2"}],"replies":[{"embeddable":true,"href":"http:\/\/elterritorialweb.com.ar\/web\/wp-json\/wp\/v2\/comments?post=75058"}],"version-history":[{"count":3,"href":"http:\/\/elterritorialweb.com.ar\/web\/wp-json\/wp\/v2\/posts\/75058\/revisions"}],"predecessor-version":[{"id":75063,"href":"http:\/\/elterritorialweb.com.ar\/web\/wp-json\/wp\/v2\/posts\/75058\/revisions\/75063"}],"wp:featuredmedia":[{"embeddable":true,"href":"http:\/\/elterritorialweb.com.ar\/web\/wp-json\/wp\/v2\/media\/75059"}],"wp:attachment":[{"href":"http:\/\/elterritorialweb.com.ar\/web\/wp-json\/wp\/v2\/media?parent=75058"}],"wp:term":[{"taxonomy":"category","embeddable":true,"href":"http:\/\/elterritorialweb.com.ar\/web\/wp-json\/wp\/v2\/categories?post=75058"},{"taxonomy":"post_tag","embeddable":true,"href":"http:\/\/elterritorialweb.com.ar\/web\/wp-json\/wp\/v2\/tags?post=75058"}],"curies":[{"name":"wp","href":"https:\/\/api.w.org\/{rel}","templated":true}]}}