{"id":75064,"date":"2025-04-22T22:54:42","date_gmt":"2025-04-22T22:54:42","guid":{"rendered":"https:\/\/elterritorialweb.com.ar\/web\/?p=75064"},"modified":"2025-04-22T22:56:10","modified_gmt":"2025-04-22T22:56:10","slug":"el-jefe-de-gabinete-de-ministros-entrego-tractores-a-cinco-municipios","status":"publish","type":"post","link":"http:\/\/elterritorialweb.com.ar\/web\/el-jefe-de-gabinete-de-ministros-entrego-tractores-a-cinco-municipios\/","title":{"rendered":"EL JEFE DE GABINETE DE MINISTROS ENTREG\u00d3 TRACTORES A CINCO MUNICIPIOS"},"content":{"rendered":"\n<p>El jefe de Gabinete, <strong>El\u00edas Su\u00e1rez, <\/strong>junto con el ministro de Gobierno, <strong>Marcelo Barbur<\/strong>, en nombre del gobernador <strong>Gerardo Zamora,<\/strong> entregaron este martes por la ma\u00f1ana cinco tractores 0 km marca Pauny, modelo 230 CC, a las autoridades de la Intendencia de Sumampa (Quebrachos) y de las comisiones municipales de La D\u00e1rsena (Banda); Yuch\u00e1n (Juan Felipe Ibarra); Amam\u00e1 (Moreno) y Medell\u00edn (Atamisqui).<br><br>De manos del <strong>jefe de Gabinete<\/strong> y del ministro Barbur fueron entregadas las llaves de los tractores al intendente de Sumampa, <strong>Fernando Bernasconi<\/strong>, y a los comisionados municipales de La D\u00e1rsena, <strong>Hern\u00e1n Bernasconi<\/strong>; de Medell\u00edn, <em>Amado Abdala<\/em>; de Yuch\u00e1n, <strong>Dante Reynaga<\/strong>, y de Amam\u00e1, <strong>Hern\u00e1n Salvatierra<\/strong>.<\/p>\n\n\n\n<figure class=\"wp-block-image size-large\"><a href=\"https:\/\/i0.wp.com\/elterritorialweb.com.ar\/web\/wp-content\/uploads\/2025\/04\/IMG-20250422-WA0013.jpg\"><img data-recalc-dims=\"1\" decoding=\"async\" width=\"640\" height=\"403\" data-src=\"https:\/\/i0.wp.com\/elterritorialweb.com.ar\/web\/wp-content\/uploads\/2025\/04\/IMG-20250422-WA0013.jpg?resize=640%2C403\" alt=\"\" class=\"wp-image-75066 lazyload\" data-srcset=\"https:\/\/i0.wp.com\/elterritorialweb.com.ar\/web\/wp-content\/uploads\/2025\/04\/IMG-20250422-WA0013.jpg?resize=1024%2C645 1024w, https:\/\/i0.wp.com\/elterritorialweb.com.ar\/web\/wp-content\/uploads\/2025\/04\/IMG-20250422-WA0013.jpg?resize=300%2C189 300w, https:\/\/i0.wp.com\/elterritorialweb.com.ar\/web\/wp-content\/uploads\/2025\/04\/IMG-20250422-WA0013.jpg?resize=768%2C484 768w, https:\/\/i0.wp.com\/elterritorialweb.com.ar\/web\/wp-content\/uploads\/2025\/04\/IMG-20250422-WA0013.jpg?resize=1536%2C968 1536w, https:\/\/i0.wp.com\/elterritorialweb.com.ar\/web\/wp-content\/uploads\/2025\/04\/IMG-20250422-WA0013.jpg?resize=2048%2C1290 2048w, https:\/\/i0.wp.com\/elterritorialweb.com.ar\/web\/wp-content\/uploads\/2025\/04\/IMG-20250422-WA0013.jpg?resize=540%2C340 540w, https:\/\/i0.wp.com\/elterritorialweb.com.ar\/web\/wp-content\/uploads\/2025\/04\/IMG-20250422-WA0013.jpg?w=1280 1280w, https:\/\/i0.wp.com\/elterritorialweb.com.ar\/web\/wp-content\/uploads\/2025\/04\/IMG-20250422-WA0013.jpg?w=1920 1920w\" data-sizes=\"(max-width: 640px) 100vw, 640px\" src=\"data:image\/svg+xml;base64,PHN2ZyB3aWR0aD0iMSIgaGVpZ2h0PSIxIiB4bWxucz0iaHR0cDovL3d3dy53My5vcmcvMjAwMC9zdmciPjwvc3ZnPg==\" style=\"--smush-placeholder-width: 640px; --smush-placeholder-aspect-ratio: 640\/403;\" \/><\/a><\/figure>\n\n\n\n<p>Los jefes comunales agradecieron el apoyo permanente del <strong>gobernador Gerardo Zamora<\/strong> a todas las comunidades del interior santiague\u00f1o, en este caso a trav\u00e9s de la entrega de unidades mecanizadas que permiten reforzar las flotas de veh\u00edculos para obras y servicios de cada jurisdicci\u00f3n.<\/p>\n\n\n\n<p>De la misma manera resaltaron la ejecuci\u00f3n de obras para que las familias de la ruralidad puedan tener mejor acceso a una educaci\u00f3n de calidad, servicios de salud, seguridad, infraestructura vial, energ\u00e9tica y tambi\u00e9n de internet.<\/p>\n","protected":false},"excerpt":{"rendered":"<p>La entrega se realiz\u00f3 frente a Casa de Gobierno, como parte del acompa\u00f1amiento a las comunidades del interior de Santiago del Estero, contribuyendo con el desarrollo a trav\u00e9s de la provisi\u00f3n de herramientas para el laboreo de campos para cultivo, ampliaci\u00f3n y limpieza de represas, acondicionamiento de caminos y otros servicios que permiten mejorar la calidad de vida de los pobladores.<\/p>\n","protected":false},"author":2,"featured_media":75065,"comment_status":"open","ping_status":"open","sticky":false,"template":"","format":"standard","meta":{"om_disable_all_campaigns":false,"_monsterinsights_skip_tracking":false,"_monsterinsights_sitenote_active":false,"_monsterinsights_sitenote_note":"","_monsterinsights_sitenote_category":0,"_uf_show_specific_survey":0,"_uf_disable_surveys":false,"jetpack_post_was_ever_published":false,"_jetpack_newsletter_access":"","_jetpack_dont_email_post_to_subs":false,"_jetpack_newsletter_tier_id":0,"_jetpack_memberships_contains_paywalled_content":false,"_jetpack_memberships_contains_paid_content":false,"footnotes":"","jetpack_publicize_message":"","jetpack_publicize_feature_enabled":true,"jetpack_social_post_already_shared":false,"jetpack_social_options":{"image_generator_settings":{"template":"highway","enabled":false},"version":2}},"categories":[4,21],"tags":[322,49],"class_list":["post-75064","post","type-post","status-publish","format-standard","has-post-thumbnail","hentry","category-destacadas","category-locales","tag-elias-suarez","tag-gobierno-de-santiago-del-estero"],"aioseo_notices":[],"views":13,"jetpack_publicize_connections":[],"jetpack_featured_media_url":"https:\/\/i0.wp.com\/elterritorialweb.com.ar\/web\/wp-content\/uploads\/2025\/04\/IMG-20250422-WA0012.jpg?fit=2560%2C1667","jetpack_sharing_enabled":true,"_links":{"self":[{"href":"http:\/\/elterritorialweb.com.ar\/web\/wp-json\/wp\/v2\/posts\/75064","targetHints":{"allow":["GET"]}}],"collection":[{"href":"http:\/\/elterritorialweb.com.ar\/web\/wp-json\/wp\/v2\/posts"}],"about":[{"href":"http:\/\/elterritorialweb.com.ar\/web\/wp-json\/wp\/v2\/types\/post"}],"author":[{"embeddable":true,"href":"http:\/\/elterritorialweb.com.ar\/web\/wp-json\/wp\/v2\/users\/2"}],"replies":[{"embeddable":true,"href":"http:\/\/elterritorialweb.com.ar\/web\/wp-json\/wp\/v2\/comments?post=75064"}],"version-history":[{"count":3,"href":"http:\/\/elterritorialweb.com.ar\/web\/wp-json\/wp\/v2\/posts\/75064\/revisions"}],"predecessor-version":[{"id":75070,"href":"http:\/\/elterritorialweb.com.ar\/web\/wp-json\/wp\/v2\/posts\/75064\/revisions\/75070"}],"wp:featuredmedia":[{"embeddable":true,"href":"http:\/\/elterritorialweb.com.ar\/web\/wp-json\/wp\/v2\/media\/75065"}],"wp:attachment":[{"href":"http:\/\/elterritorialweb.com.ar\/web\/wp-json\/wp\/v2\/media?parent=75064"}],"wp:term":[{"taxonomy":"category","embeddable":true,"href":"http:\/\/elterritorialweb.com.ar\/web\/wp-json\/wp\/v2\/categories?post=75064"},{"taxonomy":"post_tag","embeddable":true,"href":"http:\/\/elterritorialweb.com.ar\/web\/wp-json\/wp\/v2\/tags?post=75064"}],"curies":[{"name":"wp","href":"https:\/\/api.w.org\/{rel}","templated":true}]}}