{"id":75071,"date":"2025-04-22T23:15:51","date_gmt":"2025-04-22T23:15:51","guid":{"rendered":"https:\/\/elterritorialweb.com.ar\/web\/?p=75071"},"modified":"2025-04-22T23:15:52","modified_gmt":"2025-04-22T23:15:52","slug":"pago-de-sueldos-a-la-administracion-publica-provincial","status":"publish","type":"post","link":"http:\/\/elterritorialweb.com.ar\/web\/pago-de-sueldos-a-la-administracion-publica-provincial\/","title":{"rendered":"PAGO DE SUELDOS A LA ADMINISTRACI\u00d3N P\u00daBLICA PROVINCIAL"},"content":{"rendered":"\n<p>El lunes 28 y martes 29 de la semana pr\u00f3xima se realizar\u00e1 el pago del sueldo correspondiente al mes de abril a todos los trabajadores de la administraci\u00f3n p\u00fablica de Santiago del Estero.<br>El Ministerio de Econom\u00eda de la provincia inform\u00f3 que el mismo se har\u00e1 efectivo conforme al siguiente cronograma: El lunes 28, las personas con DNI finalizados en 0, 1, 2, 3 o 4. Mientras que el d\u00eda martes 29 estar\u00e1 disponible el dinero para las personas con documentos terminados en 5, 6, 7, 8 o 9.<\/p>\n","protected":false},"excerpt":{"rendered":"<p>As\u00ed informaron desde la cartera de econom\u00eda de la provincia.<\/p>\n","protected":false},"author":2,"featured_media":61057,"comment_status":"open","ping_status":"open","sticky":false,"template":"","format":"standard","meta":{"om_disable_all_campaigns":false,"_monsterinsights_skip_tracking":false,"_monsterinsights_sitenote_active":false,"_monsterinsights_sitenote_note":"","_monsterinsights_sitenote_category":0,"_uf_show_specific_survey":0,"_uf_disable_surveys":false,"jetpack_post_was_ever_published":false,"_jetpack_newsletter_access":"","_jetpack_dont_email_post_to_subs":false,"_jetpack_newsletter_tier_id":0,"_jetpack_memberships_contains_paywalled_content":false,"_jetpack_memberships_contains_paid_content":false,"footnotes":"","jetpack_publicize_message":"","jetpack_publicize_feature_enabled":true,"jetpack_social_post_already_shared":false,"jetpack_social_options":{"image_generator_settings":{"template":"highway","enabled":false},"version":2}},"categories":[4,2],"tags":[65,211],"class_list":["post-75071","post","type-post","status-publish","format-standard","has-post-thumbnail","hentry","category-destacadas","category-economia","tag-administracion-publica-de-santiago-del-estero","tag-sueldos"],"aioseo_notices":[],"views":23,"jetpack_publicize_connections":[],"jetpack_featured_media_url":"https:\/\/i0.wp.com\/elterritorialweb.com.ar\/web\/wp-content\/uploads\/2023\/11\/sueldos.jpg?fit=1022%2C577","jetpack_sharing_enabled":true,"_links":{"self":[{"href":"http:\/\/elterritorialweb.com.ar\/web\/wp-json\/wp\/v2\/posts\/75071","targetHints":{"allow":["GET"]}}],"collection":[{"href":"http:\/\/elterritorialweb.com.ar\/web\/wp-json\/wp\/v2\/posts"}],"about":[{"href":"http:\/\/elterritorialweb.com.ar\/web\/wp-json\/wp\/v2\/types\/post"}],"author":[{"embeddable":true,"href":"http:\/\/elterritorialweb.com.ar\/web\/wp-json\/wp\/v2\/users\/2"}],"replies":[{"embeddable":true,"href":"http:\/\/elterritorialweb.com.ar\/web\/wp-json\/wp\/v2\/comments?post=75071"}],"version-history":[{"count":2,"href":"http:\/\/elterritorialweb.com.ar\/web\/wp-json\/wp\/v2\/posts\/75071\/revisions"}],"predecessor-version":[{"id":75073,"href":"http:\/\/elterritorialweb.com.ar\/web\/wp-json\/wp\/v2\/posts\/75071\/revisions\/75073"}],"wp:featuredmedia":[{"embeddable":true,"href":"http:\/\/elterritorialweb.com.ar\/web\/wp-json\/wp\/v2\/media\/61057"}],"wp:attachment":[{"href":"http:\/\/elterritorialweb.com.ar\/web\/wp-json\/wp\/v2\/media?parent=75071"}],"wp:term":[{"taxonomy":"category","embeddable":true,"href":"http:\/\/elterritorialweb.com.ar\/web\/wp-json\/wp\/v2\/categories?post=75071"},{"taxonomy":"post_tag","embeddable":true,"href":"http:\/\/elterritorialweb.com.ar\/web\/wp-json\/wp\/v2\/tags?post=75071"}],"curies":[{"name":"wp","href":"https:\/\/api.w.org\/{rel}","templated":true}]}}