{"id":75652,"date":"2025-05-18T03:39:11","date_gmt":"2025-05-18T03:39:11","guid":{"rendered":"https:\/\/elterritorialweb.com.ar\/web\/?p=75652"},"modified":"2025-05-18T03:39:53","modified_gmt":"2025-05-18T03:39:53","slug":"luis-petri-recorrio-las-zonas-afectadas-por-el","status":"publish","type":"post","link":"http:\/\/elterritorialweb.com.ar\/web\/luis-petri-recorrio-las-zonas-afectadas-por-el\/","title":{"rendered":"LUIS PETRI RECORRI\u00d3 LAS ZONAS AFECTADAS POR EL TEMPORAL"},"content":{"rendered":"\n<p>El ministro de Defensa,<strong>&nbsp;Luis Petri<\/strong>, recorri\u00f3 hoy las zonas m\u00e1s afectadas por el temporal en las localidades bonaerenses de Z\u00e1rate y Campana, y remarc\u00f3 que la situaci\u00f3n es particularmente grave en esta \u00faltima, donde se registraron m\u00e1s de&nbsp;<strong>1.600 evacuados<\/strong>.<\/p>\n\n\n\n<p>\u00abLa situaci\u00f3n es distinta de Z\u00e1rate a Campana. Nos reunimos<strong>&nbsp;<\/strong>con el intendente de Z\u00e1rate,<strong>&nbsp;son 160 evacuados, mientras que en Campana llegan a 1.600<\/strong>. La situaci\u00f3n es m\u00e1s compleja\u00bb, advirti\u00f3 Petri en declaraciones televisivas tras recorrer los barrios inundados junto a autoridades locales.<\/p>\n\n\n\n<p>El funcionario se\u00f1al\u00f3 que en algunos sectores fue necesario intervenir con medidas de emergencia para permitir el escurrimiento del agua: \u00abVenimos del barrio nuevo, donde<strong>&nbsp;se ha tenido que romper una ruta para posibilitar que drene el agua<\/strong>.&nbsp;<strong>Llovieron m\u00e1s de 410 mil\u00edmetros<\/strong>. Ahora est\u00e1 drenando con much\u00edsima velocidad y esperamos que en las pr\u00f3ximas horas se desagote\u00bb.<\/p>\n\n\n\n<p>Seg\u00fan explic\u00f3, las \u00e1reas m\u00e1s vulnerables de ambas ciudades fueron las m\u00e1s afectadas por las lluvias excepcionales: \u00abEn los<strong>&nbsp;lugares m\u00e1s vulnerables de Z\u00e1rate y Campana se generaron piletones de agua<\/strong>. No as\u00ed en el centro de las ciudades\u00bb.<\/p>\n\n\n\n<p>Petri asegur\u00f3 que el Gobierno nacional est\u00e1 movilizando recursos para asistir a los damnificados: \u00abLa situaci\u00f3n para muchas familias es dram\u00e1tica. Estamos poniendo todos los recursos del Estado nacional para ayudar a la gente de la zona\u00bb.<\/p>\n\n\n\n<p>El ministro tambi\u00e9n destac\u00f3 en declaraciones a La Naci\u00f3n+ la magnitud del fen\u00f3meno meteorol\u00f3gico: \u00abEn los \u00faltimos a\u00f1os no tenemos registros de lluvias tan intensas en la zona, que superen los 400 mil\u00edmetros en tan pocas horas. Eso termina saturando los pluviales\u00bb.<\/p>\n","protected":false},"excerpt":{"rendered":"<p>evacuados<br \/>\n\u00abVenimos del barrio nuevo, donde se ha tenido que romper una ruta para posibilitar que drene el agua\u00bb, asegur\u00f3 el ministro de Defensa de la Naci\u00f3n.<\/p>\n","protected":false},"author":2,"featured_media":75653,"comment_status":"open","ping_status":"open","sticky":false,"template":"","format":"standard","meta":{"om_disable_all_campaigns":false,"_monsterinsights_skip_tracking":false,"_monsterinsights_sitenote_active":false,"_monsterinsights_sitenote_note":"","_monsterinsights_sitenote_category":0,"_uf_show_specific_survey":0,"_uf_disable_surveys":false,"jetpack_post_was_ever_published":false,"_jetpack_newsletter_access":"","_jetpack_dont_email_post_to_subs":false,"_jetpack_newsletter_tier_id":0,"_jetpack_memberships_contains_paywalled_content":false,"_jetpack_memberships_contains_paid_content":false,"footnotes":"","jetpack_publicize_message":"","jetpack_publicize_feature_enabled":true,"jetpack_social_post_already_shared":true,"jetpack_social_options":{"image_generator_settings":{"template":"highway","default_image_id":0,"font":"","enabled":false},"version":2}},"categories":[4,7],"tags":[814],"class_list":["post-75652","post","type-post","status-publish","format-standard","has-post-thumbnail","hentry","category-destacadas","category-nacionales","tag-luis-petri"],"aioseo_notices":[],"views":21,"jetpack_publicize_connections":[],"jetpack_featured_media_url":"https:\/\/i0.wp.com\/elterritorialweb.com.ar\/web\/wp-content\/uploads\/2025\/05\/luis-petri-inundaciones.jpeg?fit=1081%2C720","jetpack_sharing_enabled":true,"_links":{"self":[{"href":"http:\/\/elterritorialweb.com.ar\/web\/wp-json\/wp\/v2\/posts\/75652","targetHints":{"allow":["GET"]}}],"collection":[{"href":"http:\/\/elterritorialweb.com.ar\/web\/wp-json\/wp\/v2\/posts"}],"about":[{"href":"http:\/\/elterritorialweb.com.ar\/web\/wp-json\/wp\/v2\/types\/post"}],"author":[{"embeddable":true,"href":"http:\/\/elterritorialweb.com.ar\/web\/wp-json\/wp\/v2\/users\/2"}],"replies":[{"embeddable":true,"href":"http:\/\/elterritorialweb.com.ar\/web\/wp-json\/wp\/v2\/comments?post=75652"}],"version-history":[{"count":2,"href":"http:\/\/elterritorialweb.com.ar\/web\/wp-json\/wp\/v2\/posts\/75652\/revisions"}],"predecessor-version":[{"id":75655,"href":"http:\/\/elterritorialweb.com.ar\/web\/wp-json\/wp\/v2\/posts\/75652\/revisions\/75655"}],"wp:featuredmedia":[{"embeddable":true,"href":"http:\/\/elterritorialweb.com.ar\/web\/wp-json\/wp\/v2\/media\/75653"}],"wp:attachment":[{"href":"http:\/\/elterritorialweb.com.ar\/web\/wp-json\/wp\/v2\/media?parent=75652"}],"wp:term":[{"taxonomy":"category","embeddable":true,"href":"http:\/\/elterritorialweb.com.ar\/web\/wp-json\/wp\/v2\/categories?post=75652"},{"taxonomy":"post_tag","embeddable":true,"href":"http:\/\/elterritorialweb.com.ar\/web\/wp-json\/wp\/v2\/tags?post=75652"}],"curies":[{"name":"wp","href":"https:\/\/api.w.org\/{rel}","templated":true}]}}