{"id":75661,"date":"2025-05-19T12:22:16","date_gmt":"2025-05-19T12:22:16","guid":{"rendered":"https:\/\/elterritorialweb.com.ar\/web\/?p=75661"},"modified":"2025-05-19T12:22:19","modified_gmt":"2025-05-19T12:22:19","slug":"adorni-se-impuso-en-las-legislativas-portenas","status":"publish","type":"post","link":"http:\/\/elterritorialweb.com.ar\/web\/adorni-se-impuso-en-las-legislativas-portenas\/","title":{"rendered":"ADORNI SE IMPUSO EN LAS LEGISLATIVAS PORTE\u00d1AS"},"content":{"rendered":"\n<p>El candidato a legislador porte\u00f1o de&nbsp;<strong>La Libertad Avanza<\/strong>&nbsp;(LLA)&nbsp;<strong>Manuel Adorni<\/strong>&nbsp;se impuso hoy en las elecciones legislativas con el&nbsp;<strong>30,02 por ciento<\/strong>&nbsp;de los votos, seguido de cerca por el postulante de&nbsp;<strong>Ahora Buenos Aires<\/strong>&nbsp;<strong>Leandro Santoro<\/strong>, con el&nbsp;<strong>27,46 por ciento<\/strong>, y relegando al&nbsp;<strong>PRO<\/strong>&nbsp;al tercer lugar con el&nbsp;<strong>15,89<\/strong>, escrutadas el&nbsp;<strong>90,21 por ciento<\/strong>&nbsp;de las mesas.<\/p>\n\n\n\n<p>\u00abNo son los resultados que esper\u00e1bamos\u00bb, admiti\u00f3 la primera postulante del PRO,&nbsp;<strong>Sylvia Lospennato<\/strong>, a la hora de reconocer el magro desempe\u00f1o de la fuerza oficialista de la Ciudad.<br>&nbsp; Ante esos resultados, Santoro sostuvo por su parte que \u00abse ha cerrado un ciclo del abandono\u00bb y que el PRO \u00abdej\u00f3 de representar a los porte\u00f1os\u00bb.<\/p>\n\n\n\n<p>En cuarto lugar se ubicaba el ex jefe de Gobierno&nbsp;<strong>Horacio Rodr\u00edguez Larreta<\/strong>, quien con su lista \u00abVolvamos Buenos Aires\u00bb alcanzaba el&nbsp;<strong>8,08 por ciento<\/strong>.<\/p>\n\n\n\n<p>Debajo se anotaban el&nbsp;<strong>Frente de Izquierda<\/strong>, con&nbsp;<strong>Vanina Biasi<\/strong>&nbsp;a la cabeza, con el&nbsp;<strong>3,17%<\/strong>, y el postulante de la&nbsp;<strong>UCeD\u00e9<\/strong>&nbsp;<strong>Ramiro Marra<\/strong>&nbsp;con el&nbsp;<strong>2,61<\/strong>.<\/p>\n\n\n\n<p>Debajo, la&nbsp;<strong>Coalici\u00f3n C\u00edvica<\/strong>&nbsp;alcanz\u00f3 el&nbsp;<strong>2,50%<\/strong>, seguida muy de cerca por la candidata de&nbsp;<strong>Evoluci\u00f3n<\/strong>&nbsp;<strong>Lula Levy<\/strong>, con el&nbsp;<strong>2,31%<\/strong>.<\/p>\n\n\n\n<p>El candidato de&nbsp;<strong>Principios y Valores<\/strong>,&nbsp;<strong>Alejandro Kim<\/strong>, alcanzaba el&nbsp;<strong>2,03 por ciento<\/strong>.<\/p>\n\n\n\n<p>El postulante del&nbsp;<strong>MID<\/strong>&nbsp;<strong>Ricardo Caruso Lombardi<\/strong>, quien buscaba ser la sorpresa, cosech\u00f3 el&nbsp;<strong>1,67 por ciento<\/strong>&nbsp;de los sufragios, seguido de cerca por&nbsp;<strong>Yamil Santoro<\/strong>, de&nbsp;<strong>Uni\u00f3n Porte\u00f1a Libertaria<\/strong>, con el&nbsp;<strong>0,62 por ciento<\/strong>.<\/p>\n\n\n\n<p>El porcentaje oficial de participaci\u00f3n electoral en los comicios legislativos porte\u00f1os fue hoy del&nbsp;<strong>53,27 por ciento<\/strong>, lo que arroja unos&nbsp;<strong>20 puntos menos<\/strong>&nbsp;que en las elecciones de 2023.<\/p>\n\n\n\n<p>En comparaci\u00f3n con las \u00faltimas elecciones generales porte\u00f1as de 2023, donde la participaci\u00f3n fue del&nbsp;<strong>76,7<\/strong>, la ca\u00edda fue de&nbsp;<strong>20 puntos<\/strong>.<\/p>\n\n\n\n<p>Con respecto a los comicios legislativos porte\u00f1os del&nbsp;<strong>2021<\/strong>, es decir, cuatro a\u00f1os atr\u00e1s, la diferencia se reduce a&nbsp;<strong>17 puntos<\/strong>, con&nbsp;<strong>73,4 por ciento<\/strong>&nbsp;en aquella oportunidad.<\/p>\n","protected":false},"excerpt":{"rendered":"<p>El candidato de La Libertad Avanza, Manuel Adorni, gan\u00f3 las elecciones en Buenos Aires con el 30,02% de los votos, superando a Leandro Santoro y al PRO.<\/p>\n","protected":false},"author":2,"featured_media":75662,"comment_status":"open","ping_status":"open","sticky":false,"template":"","format":"standard","meta":{"om_disable_all_campaigns":false,"_monsterinsights_skip_tracking":false,"_monsterinsights_sitenote_active":false,"_monsterinsights_sitenote_note":"","_monsterinsights_sitenote_category":0,"_uf_show_specific_survey":0,"_uf_disable_surveys":false,"jetpack_post_was_ever_published":false,"_jetpack_newsletter_access":"","_jetpack_dont_email_post_to_subs":false,"_jetpack_newsletter_tier_id":0,"_jetpack_memberships_contains_paywalled_content":false,"_jetpack_memberships_contains_paid_content":false,"footnotes":"","jetpack_publicize_message":"","jetpack_publicize_feature_enabled":true,"jetpack_social_post_already_shared":true,"jetpack_social_options":{"image_generator_settings":{"template":"highway","default_image_id":0,"font":"","enabled":false},"version":2}},"categories":[4,7],"tags":[1327,830],"class_list":["post-75661","post","type-post","status-publish","format-standard","has-post-thumbnail","hentry","category-destacadas","category-nacionales","tag-legislativas-portenas","tag-manuel-adorni"],"aioseo_notices":[],"views":18,"jetpack_publicize_connections":[],"jetpack_featured_media_url":"https:\/\/i0.wp.com\/elterritorialweb.com.ar\/web\/wp-content\/uploads\/2025\/05\/20250519_091843.jpg?fit=1406%2C1080","jetpack_sharing_enabled":true,"_links":{"self":[{"href":"http:\/\/elterritorialweb.com.ar\/web\/wp-json\/wp\/v2\/posts\/75661","targetHints":{"allow":["GET"]}}],"collection":[{"href":"http:\/\/elterritorialweb.com.ar\/web\/wp-json\/wp\/v2\/posts"}],"about":[{"href":"http:\/\/elterritorialweb.com.ar\/web\/wp-json\/wp\/v2\/types\/post"}],"author":[{"embeddable":true,"href":"http:\/\/elterritorialweb.com.ar\/web\/wp-json\/wp\/v2\/users\/2"}],"replies":[{"embeddable":true,"href":"http:\/\/elterritorialweb.com.ar\/web\/wp-json\/wp\/v2\/comments?post=75661"}],"version-history":[{"count":1,"href":"http:\/\/elterritorialweb.com.ar\/web\/wp-json\/wp\/v2\/posts\/75661\/revisions"}],"predecessor-version":[{"id":75663,"href":"http:\/\/elterritorialweb.com.ar\/web\/wp-json\/wp\/v2\/posts\/75661\/revisions\/75663"}],"wp:featuredmedia":[{"embeddable":true,"href":"http:\/\/elterritorialweb.com.ar\/web\/wp-json\/wp\/v2\/media\/75662"}],"wp:attachment":[{"href":"http:\/\/elterritorialweb.com.ar\/web\/wp-json\/wp\/v2\/media?parent=75661"}],"wp:term":[{"taxonomy":"category","embeddable":true,"href":"http:\/\/elterritorialweb.com.ar\/web\/wp-json\/wp\/v2\/categories?post=75661"},{"taxonomy":"post_tag","embeddable":true,"href":"http:\/\/elterritorialweb.com.ar\/web\/wp-json\/wp\/v2\/tags?post=75661"}],"curies":[{"name":"wp","href":"https:\/\/api.w.org\/{rel}","templated":true}]}}