{"id":7582,"date":"2020-07-11T22:01:56","date_gmt":"2020-07-11T22:01:56","guid":{"rendered":"http:\/\/elterritorialweb.com.ar\/web\/?p=7582"},"modified":"2020-07-11T22:01:57","modified_gmt":"2020-07-11T22:01:57","slug":"el-ministro-de-salud-gines-gonzalez-garcia-pronuncio-su-desacuerdo-con-la-conmebol","status":"publish","type":"post","link":"http:\/\/elterritorialweb.com.ar\/web\/el-ministro-de-salud-gines-gonzalez-garcia-pronuncio-su-desacuerdo-con-la-conmebol\/","title":{"rendered":"EL MINISTRO DE SALUD GINES GONZ\u00c1LEZ GARC\u00cdA PRONUNCI\u00d3 SU DESACUERDO CON LA CONMEBOL"},"content":{"rendered":"\n<p>El Ministro de Salud dio su impresi\u00f3n sobre el anuncio de la entidad sudamericana para los regresos de la Copa Libertadores, Sudamericana y Eliminatorias Qatar 2022 y dijo que intentar\u00e1n que los clubes argentinos \u00abvuelvan cuanto antes\u00bb a entrenar. <\/p>\n\n\n\n<p> El ministro de Salud, Gin\u00e9s Gonz\u00e1lez Garc\u00eda, pronunci\u00f3 hoy su desacuerdo \u00abcon lo que hizo la Conmebol\u00bb al fijar para el 15 de septiembre el regreso de la Copa Libertadores, torneo m\u00e1s importante de clubes a nivel continental.<\/p>\n\n\n\n<p>El funcionario se comprometi\u00f3 a trabajar para que los plantes del f\u00fatbol \u00abvuelvan cuanto antes\u00bb a los entrenamientos, pero aclar\u00f3 que esa posibilidad estar\u00e1 condicionada por \u00abla situaci\u00f3n epidemiol\u00f3gica\u00bb en Argentina, que hoy transita el per\u00edodo con mayor cantidad de contagios en la pandemia de coronavirus.<\/p>\n\n\n\n<p><strong>\u00abHay pa\u00edses que decidieron seguir con el show, sin importarles las muertes. Nosotros priorizamos la vida. Obviamente no estoy de acuerdo con lo que hizo la Conmebol ni con la fecha, pero tambi\u00e9n quisi\u00e9ramos que no haya desventaja para nuestros equipos\u00bb<\/strong>, advirti\u00f3 el ministro en radio La Red.<\/p>\n\n\n\n<p><strong>\u00abLe dije a Claudio Tapia (presidente de la AFA) de sentarnos a charlar aunque sabemos que los protocolos no resuelven la situaci\u00f3n, hay que ver c\u00f3mo est\u00e1 la situaci\u00f3n epidemiol\u00f3gica y en el AMBA tenemos a la mayor\u00eda de los clubes. Adem\u00e1s hoy una diferencia entre los jugadores de elite y los que no lo son, al igual que con las instituciones\u00bb<\/strong>, explic\u00f3 sobre la posibilidad de retorno de los entrenamientos.<\/p>\n\n\n\n<p>El Consejo de la Conmebol determin\u00f3 el viernes que el pr\u00f3ximo 15 de septiembre se reanude la Copa Libertadores, que tiene como protagonistas a River, Boca, Racing, Defensa y Justicia y Tigre.<\/p>\n\n\n\n<p>La entidad continental dispuso que el 27 de octubre regrese la Copa Sudamericana, en la que participan V\u00e9lez, Lan\u00fas, Uni\u00f3n de Santa Fe, Atl\u00e9tico Tucum\u00e1n e Independiente.<\/p>\n\n\n\n<p>Y a su vez, las dos primeras fechas de la Eliminatoria Sudamericana para el Mundial Qatar 2022 fueron postergadas de septiembre para octubre. En esa competencia, Argentina debutar\u00e1 como local ante Ecuador y luego ser\u00e1 visitante de Bolivia.<\/p>\n\n\n\n<figure class=\"wp-block-embed-twitter wp-block-embed is-type-rich is-provider-twitter\"><div class=\"wp-block-embed__wrapper\">\n<div class=\"embed-twitter\"><blockquote class=\"twitter-tweet\" data-width=\"550\" data-dnt=\"true\"><p lang=\"es\" dir=\"ltr\">\ud83d\udcc5 \u00a1El calendario completo de la <a href=\"https:\/\/twitter.com\/hashtag\/Libertadores?src=hash&amp;ref_src=twsrc%5Etfw\">#Libertadores<\/a> 2020! Las fechas de c\u00f3mo se jugar\u00e1 lo que resta de la Copa.<br><br>\ud83d\udd1c La final ser\u00e1 en enero de 2021.<br><br>\ud83c\udfc6 <a href=\"https:\/\/twitter.com\/hashtag\/GloriaEterna?src=hash&amp;ref_src=twsrc%5Etfw\">#GloriaEterna<\/a> <a href=\"https:\/\/t.co\/vJvP2YvtzJ\">pic.twitter.com\/vJvP2YvtzJ<\/a><\/p>&mdash; CONMEBOL Libertadores (@Libertadores) <a href=\"https:\/\/twitter.com\/Libertadores\/status\/1281786003158597633?ref_src=twsrc%5Etfw\">July 11, 2020<\/a><\/blockquote><script async src=\"https:\/\/platform.twitter.com\/widgets.js\" charset=\"utf-8\"><\/script><\/div>\n<\/div><\/figure>\n\n\n\n<p><\/p>\n","protected":false},"excerpt":{"rendered":"<p>El Ministro de Salud dio su impresi\u00f3n sobre el anuncio de la entidad sudamericana para&#8230;<\/p>\n","protected":false},"author":2,"featured_media":7583,"comment_status":"open","ping_status":"open","sticky":false,"template":"","format":"standard","meta":{"om_disable_all_campaigns":false,"_monsterinsights_skip_tracking":false,"_monsterinsights_sitenote_active":false,"_monsterinsights_sitenote_note":"","_monsterinsights_sitenote_category":0,"_uf_show_specific_survey":0,"_uf_disable_surveys":false,"jetpack_post_was_ever_published":false,"_jetpack_newsletter_access":"","_jetpack_dont_email_post_to_subs":false,"_jetpack_newsletter_tier_id":0,"_jetpack_memberships_contains_paywalled_content":false,"_jetpack_memberships_contains_paid_content":false,"footnotes":"","jetpack_publicize_message":"","jetpack_publicize_feature_enabled":true,"jetpack_social_post_already_shared":false,"jetpack_social_options":{"image_generator_settings":{"template":"highway","default_image_id":0,"font":"","enabled":false},"version":2}},"categories":[6],"tags":[],"class_list":["post-7582","post","type-post","status-publish","format-standard","has-post-thumbnail","hentry","category-deportes"],"aioseo_notices":[],"views":6,"jetpack_publicize_connections":[],"jetpack_featured_media_url":"https:\/\/i0.wp.com\/elterritorialweb.com.ar\/web\/wp-content\/uploads\/2020\/07\/GINES-GONZALEZ-GARCIA.jpg?fit=2048%2C2048","jetpack_sharing_enabled":true,"_links":{"self":[{"href":"http:\/\/elterritorialweb.com.ar\/web\/wp-json\/wp\/v2\/posts\/7582","targetHints":{"allow":["GET"]}}],"collection":[{"href":"http:\/\/elterritorialweb.com.ar\/web\/wp-json\/wp\/v2\/posts"}],"about":[{"href":"http:\/\/elterritorialweb.com.ar\/web\/wp-json\/wp\/v2\/types\/post"}],"author":[{"embeddable":true,"href":"http:\/\/elterritorialweb.com.ar\/web\/wp-json\/wp\/v2\/users\/2"}],"replies":[{"embeddable":true,"href":"http:\/\/elterritorialweb.com.ar\/web\/wp-json\/wp\/v2\/comments?post=7582"}],"version-history":[{"count":1,"href":"http:\/\/elterritorialweb.com.ar\/web\/wp-json\/wp\/v2\/posts\/7582\/revisions"}],"predecessor-version":[{"id":7584,"href":"http:\/\/elterritorialweb.com.ar\/web\/wp-json\/wp\/v2\/posts\/7582\/revisions\/7584"}],"wp:featuredmedia":[{"embeddable":true,"href":"http:\/\/elterritorialweb.com.ar\/web\/wp-json\/wp\/v2\/media\/7583"}],"wp:attachment":[{"href":"http:\/\/elterritorialweb.com.ar\/web\/wp-json\/wp\/v2\/media?parent=7582"}],"wp:term":[{"taxonomy":"category","embeddable":true,"href":"http:\/\/elterritorialweb.com.ar\/web\/wp-json\/wp\/v2\/categories?post=7582"},{"taxonomy":"post_tag","embeddable":true,"href":"http:\/\/elterritorialweb.com.ar\/web\/wp-json\/wp\/v2\/tags?post=7582"}],"curies":[{"name":"wp","href":"https:\/\/api.w.org\/{rel}","templated":true}]}}