{"id":7585,"date":"2020-07-11T22:55:34","date_gmt":"2020-07-11T22:55:34","guid":{"rendered":"http:\/\/elterritorialweb.com.ar\/web\/?p=7585"},"modified":"2020-07-11T22:55:35","modified_gmt":"2020-07-11T22:55:35","slug":"maradona-demandara-a-netflix-por-la-pelicula-sobre-su-vida","status":"publish","type":"post","link":"http:\/\/elterritorialweb.com.ar\/web\/maradona-demandara-a-netflix-por-la-pelicula-sobre-su-vida\/","title":{"rendered":"MARADONA DEMANDAR\u00c1 A NETFLIX POR LA PELICULA SOBRE SU VIDA"},"content":{"rendered":"\n<p> El abogado del Diez cuestion\u00f3 que no se pidi\u00f3 la autorizaci\u00f3n correspondiente para utilizar la imagen del ex futbolista.  <\/p>\n\n\n\n<p><strong>Mat\u00edas Morla<\/strong>\u00a0sali\u00f3 al cruce desde Twitter de una informaci\u00f3n sobre una pel\u00edcula que se prepara sobre\u00a0<strong>Diego Maradona<\/strong>\u00a0en\u00a0<strong>N\u00e1poles,\u00a0<\/strong>donde es \u00eddolo. <\/p>\n\n\n\n<figure class=\"wp-block-image size-large\"><img data-recalc-dims=\"1\" decoding=\"async\" width=\"640\" height=\"427\" data-src=\"https:\/\/i0.wp.com\/elterritorialweb.com.ar\/web\/wp-content\/uploads\/2020\/07\/maradona.jpg?resize=640%2C427\" alt=\"\" class=\"wp-image-7586 lazyload\" data-srcset=\"https:\/\/i0.wp.com\/elterritorialweb.com.ar\/web\/wp-content\/uploads\/2020\/07\/maradona.jpg?w=768 768w, https:\/\/i0.wp.com\/elterritorialweb.com.ar\/web\/wp-content\/uploads\/2020\/07\/maradona.jpg?resize=300%2C200 300w, https:\/\/i0.wp.com\/elterritorialweb.com.ar\/web\/wp-content\/uploads\/2020\/07\/maradona.jpg?resize=675%2C450 675w\" data-sizes=\"(max-width: 640px) 100vw, 640px\" src=\"data:image\/svg+xml;base64,PHN2ZyB3aWR0aD0iMSIgaGVpZ2h0PSIxIiB4bWxucz0iaHR0cDovL3d3dy53My5vcmcvMjAwMC9zdmciPjwvc3ZnPg==\" style=\"--smush-placeholder-width: 640px; --smush-placeholder-aspect-ratio: 640\/427;\" \/><\/figure>\n\n\n\n<p>El abogado cuestion\u00f3 que no se pidi\u00f3 la debida autorizaci\u00f3n para utilizar la imagen del ex futbolista y se acudir\u00e1 a la v\u00eda legal de manera formal.  <\/p>\n\n\n\n<p><em>\u00abDiego Maradona no autoriz\u00f3 el uso de su imagen para esta pel\u00edcula. Con nuestros colegas italianos ya estamos diagramando la estrategia legal para hacer una presentaci\u00f3n formal ante la Justicia por el uso indebido de una marca registrada\u00bb<\/em> escribi\u00f3 el letrado.<\/p>\n\n\n\n<figure class=\"wp-block-embed-twitter wp-block-embed is-type-rich is-provider-twitter\"><div class=\"wp-block-embed__wrapper\">\n<blockquote class=\"twitter-tweet\" data-width=\"550\" data-dnt=\"true\"><p lang=\"es\" dir=\"ltr\">Diego Maradona no autorizo el uso de su imagen para esta pel\u00edcula. Con nuestros colegas italianos ya estamos diagramando la estrategia legal para hacer una presentaci\u00f3n formal ante la Justicia por el uso indebido de una marca registrada. <a href=\"https:\/\/t.co\/dKXi5H2g0O\">https:\/\/t.co\/dKXi5H2g0O<\/a><\/p>&mdash; MATIAS MORLA (@MatiasMorlaAb) <a href=\"https:\/\/twitter.com\/MatiasMorlaAb\/status\/1281957395875454977?ref_src=twsrc%5Etfw\">July 11, 2020<\/a><\/blockquote><script async src=\"https:\/\/platform.twitter.com\/widgets.js\" charset=\"utf-8\"><\/script>\n<\/div><\/figure>\n","protected":false},"excerpt":{"rendered":"<p>\u00abHa sido la mano de Dios\u00bb ser\u00e1 dirigida por el italiano Paolo Sorrentino, ganador de un Oscar. Pero a trav\u00e9s de su abogado, Mat\u00edas Morla, el ex capit\u00e1n de la Selecci\u00f3n recurr\u00eda a la Justicia.<\/p>\n","protected":false},"author":2,"featured_media":7587,"comment_status":"open","ping_status":"open","sticky":false,"template":"","format":"standard","meta":{"om_disable_all_campaigns":false,"_monsterinsights_skip_tracking":false,"_monsterinsights_sitenote_active":false,"_monsterinsights_sitenote_note":"","_monsterinsights_sitenote_category":0,"_uf_show_specific_survey":0,"_uf_disable_surveys":false,"jetpack_post_was_ever_published":false,"_jetpack_newsletter_access":"","_jetpack_dont_email_post_to_subs":false,"_jetpack_newsletter_tier_id":0,"_jetpack_memberships_contains_paywalled_content":false,"_jetpack_memberships_contains_paid_content":false,"footnotes":"","jetpack_publicize_message":"","jetpack_publicize_feature_enabled":true,"jetpack_social_post_already_shared":false,"jetpack_social_options":{"image_generator_settings":{"template":"highway","default_image_id":0,"font":"","enabled":false},"version":2}},"categories":[20],"tags":[],"class_list":["post-7585","post","type-post","status-publish","format-standard","has-post-thumbnail","hentry","category-especysociales"],"aioseo_notices":[],"views":4,"jetpack_publicize_connections":[],"jetpack_featured_media_url":"https:\/\/i0.wp.com\/elterritorialweb.com.ar\/web\/wp-content\/uploads\/2020\/07\/maradona-1.jpg?fit=768%2C512","jetpack_sharing_enabled":true,"_links":{"self":[{"href":"http:\/\/elterritorialweb.com.ar\/web\/wp-json\/wp\/v2\/posts\/7585","targetHints":{"allow":["GET"]}}],"collection":[{"href":"http:\/\/elterritorialweb.com.ar\/web\/wp-json\/wp\/v2\/posts"}],"about":[{"href":"http:\/\/elterritorialweb.com.ar\/web\/wp-json\/wp\/v2\/types\/post"}],"author":[{"embeddable":true,"href":"http:\/\/elterritorialweb.com.ar\/web\/wp-json\/wp\/v2\/users\/2"}],"replies":[{"embeddable":true,"href":"http:\/\/elterritorialweb.com.ar\/web\/wp-json\/wp\/v2\/comments?post=7585"}],"version-history":[{"count":1,"href":"http:\/\/elterritorialweb.com.ar\/web\/wp-json\/wp\/v2\/posts\/7585\/revisions"}],"predecessor-version":[{"id":7588,"href":"http:\/\/elterritorialweb.com.ar\/web\/wp-json\/wp\/v2\/posts\/7585\/revisions\/7588"}],"wp:featuredmedia":[{"embeddable":true,"href":"http:\/\/elterritorialweb.com.ar\/web\/wp-json\/wp\/v2\/media\/7587"}],"wp:attachment":[{"href":"http:\/\/elterritorialweb.com.ar\/web\/wp-json\/wp\/v2\/media?parent=7585"}],"wp:term":[{"taxonomy":"category","embeddable":true,"href":"http:\/\/elterritorialweb.com.ar\/web\/wp-json\/wp\/v2\/categories?post=7585"},{"taxonomy":"post_tag","embeddable":true,"href":"http:\/\/elterritorialweb.com.ar\/web\/wp-json\/wp\/v2\/tags?post=7585"}],"curies":[{"name":"wp","href":"https:\/\/api.w.org\/{rel}","templated":true}]}}