{"id":7589,"date":"2020-07-12T02:17:48","date_gmt":"2020-07-12T02:17:48","guid":{"rendered":"http:\/\/elterritorialweb.com.ar\/web\/?p=7589"},"modified":"2020-07-12T02:17:49","modified_gmt":"2020-07-12T02:17:49","slug":"el-programa-provincial-sonrisas-santiguenas-cumple-15-anos","status":"publish","type":"post","link":"http:\/\/elterritorialweb.com.ar\/web\/el-programa-provincial-sonrisas-santiguenas-cumple-15-anos\/","title":{"rendered":"EL PROGRAMA PROVINCIAL \u00abSONRISAS SANTIGUE\u00d1AS\u00bb CUMPLE 15 A\u00d1OS"},"content":{"rendered":"\n<p>Dentro de su estructura, consta de 4 sub programas:                                <strong>Escolar:<\/strong> donde se realiz\u00f3 asistencia a las escuelas y jardines provinciales y municipales de Capital, a trav\u00e9s de odont\u00f3logos como asistentes, agentes sanitarios, realiz\u00e1ndose una motivaci\u00f3n de los ni\u00f1os, luego de t\u00e9cnicas de cepillado y topicaciones con fl\u00faor, trabajo que dio su gran satisfacci\u00f3n ya que logramos descender la placa bacteriana detectada en el 2005 de un 85% al 21% (\u00edndice de OLEARY que se mantiene hasta la actualidad), disminuyendo tanto el \u00edndice de caries y elementos dentarios perdidos<br>\u00abganamos en salud y sonrisas\u00bb\u00a0(se impactan aproximadamente 120.000\u00a0 ni\u00f1os por a\u00f1o).\u00a0<br><strong>Ortodoncia:<\/strong>\u00a0los ni\u00f1os de hasta 12 a\u00f1os sin obra social con problemas funcionales, son derivados de diferentes servicios odontol\u00f3gicos de la provincia hacia el laboratorio de ortodoncia, coloc\u00e1ndose aparatos de ortopedia y\u00a0 ortodoncia fijas y removibles\u00a0\u00ablogramos sonrisas saludables en miles de ni\u00f1os y adolescentes\u00bb.<br><strong>Pr\u00f3tesis:<\/strong>\u00a0se confeccionaron en el laboratorio central miles de pr\u00f3tesis parciales y totales para pacientes adultos, j\u00f3venes y mayores de diferentes puntos de la provincia, sin cobertura de obra social, rehabilit\u00e1ndolos\u00a0\u00abdevolvi\u00e9ndoles su autoestima, su salud y su sonrisa\u00bb.<br><strong>Red de detecci\u00f3n precoz de c\u00e1ncer bucal:\u00a0<\/strong>se form\u00f3 un equipo de estomatolog\u00eda en donde se detectan en distintos servicios de hospitales y UPAS lesiones en los tejidos blandos de la cavidad bucal de manera precoz, evitando su malignizacion (ulceras, HPV, tumores, manchas, placas). Evitamos as\u00ed el sufrimiento tanto de pacientes como\u00a0de sus familias detectando y tratando lesiones precancerizables\u00a0\u00bb logramos salvar vidas\u00bb.<br>Incluyendo tambi\u00e9n todas las prestaciones que se realizan en consultorios estatales\u00a0 \u00a0como ser extracciones, radiograf\u00edas, tratamientos de conducto, restauraciones y prevenciones.<br>Los integrantes del programa provincial \u201cSonrisas Santiague\u00f1as\u201d agradecen al gobierno del Dr. Gerardo Zamora que ha confiado en este gran equipo de profesionales de nivel central y de toda la provincia en sus diferentes especialidades. Podemos decir entonces felices y exitosos 15 a\u00f1os \u201cSonrisas Santiague\u00f1as\u201d.<\/p>\n","protected":false},"excerpt":{"rendered":"<p>El Programa Provincial de Promoci\u00f3n, Prevenci\u00f3n y Asistencia Odontol\u00f3gica \u201cSonrisas Santiague\u00f1as\u201d fue lanzado el 12 de julio del 2005, con una invenci\u00f3n importante por parte del gobierno de la provincia de Santiago del Estero.<\/p>\n","protected":false},"author":2,"featured_media":7590,"comment_status":"open","ping_status":"open","sticky":false,"template":"","format":"standard","meta":{"om_disable_all_campaigns":false,"_monsterinsights_skip_tracking":false,"_monsterinsights_sitenote_active":false,"_monsterinsights_sitenote_note":"","_monsterinsights_sitenote_category":0,"_uf_show_specific_survey":0,"_uf_disable_surveys":false,"jetpack_post_was_ever_published":false,"_jetpack_newsletter_access":"","_jetpack_dont_email_post_to_subs":false,"_jetpack_newsletter_tier_id":0,"_jetpack_memberships_contains_paywalled_content":false,"_jetpack_memberships_contains_paid_content":false,"footnotes":"","jetpack_publicize_message":"","jetpack_publicize_feature_enabled":true,"jetpack_social_post_already_shared":false,"jetpack_social_options":{"image_generator_settings":{"template":"highway","default_image_id":0,"font":"","enabled":false},"version":2}},"categories":[3],"tags":[],"class_list":["post-7589","post","type-post","status-publish","format-standard","has-post-thumbnail","hentry","category-salud"],"aioseo_notices":[],"views":7,"jetpack_publicize_connections":[],"jetpack_featured_media_url":"https:\/\/i0.wp.com\/elterritorialweb.com.ar\/web\/wp-content\/uploads\/2020\/07\/sonrisas-.jpg?fit=720%2C960","jetpack_sharing_enabled":true,"_links":{"self":[{"href":"http:\/\/elterritorialweb.com.ar\/web\/wp-json\/wp\/v2\/posts\/7589","targetHints":{"allow":["GET"]}}],"collection":[{"href":"http:\/\/elterritorialweb.com.ar\/web\/wp-json\/wp\/v2\/posts"}],"about":[{"href":"http:\/\/elterritorialweb.com.ar\/web\/wp-json\/wp\/v2\/types\/post"}],"author":[{"embeddable":true,"href":"http:\/\/elterritorialweb.com.ar\/web\/wp-json\/wp\/v2\/users\/2"}],"replies":[{"embeddable":true,"href":"http:\/\/elterritorialweb.com.ar\/web\/wp-json\/wp\/v2\/comments?post=7589"}],"version-history":[{"count":1,"href":"http:\/\/elterritorialweb.com.ar\/web\/wp-json\/wp\/v2\/posts\/7589\/revisions"}],"predecessor-version":[{"id":7591,"href":"http:\/\/elterritorialweb.com.ar\/web\/wp-json\/wp\/v2\/posts\/7589\/revisions\/7591"}],"wp:featuredmedia":[{"embeddable":true,"href":"http:\/\/elterritorialweb.com.ar\/web\/wp-json\/wp\/v2\/media\/7590"}],"wp:attachment":[{"href":"http:\/\/elterritorialweb.com.ar\/web\/wp-json\/wp\/v2\/media?parent=7589"}],"wp:term":[{"taxonomy":"category","embeddable":true,"href":"http:\/\/elterritorialweb.com.ar\/web\/wp-json\/wp\/v2\/categories?post=7589"},{"taxonomy":"post_tag","embeddable":true,"href":"http:\/\/elterritorialweb.com.ar\/web\/wp-json\/wp\/v2\/tags?post=7589"}],"curies":[{"name":"wp","href":"https:\/\/api.w.org\/{rel}","templated":true}]}}