{"id":7592,"date":"2020-07-12T02:30:20","date_gmt":"2020-07-12T02:30:20","guid":{"rendered":"http:\/\/elterritorialweb.com.ar\/web\/?p=7592"},"modified":"2020-07-12T02:30:21","modified_gmt":"2020-07-12T02:30:21","slug":"reporte-diario-de-covid-19-en-santiago-se-recuperaron-2-casos-lo-que-suma-un-total-de-24-en-la-provincia","status":"publish","type":"post","link":"http:\/\/elterritorialweb.com.ar\/web\/reporte-diario-de-covid-19-en-santiago-se-recuperaron-2-casos-lo-que-suma-un-total-de-24-en-la-provincia\/","title":{"rendered":"REPORTE DIARIO DE COVID-19 EN SANTIAGO: SE RECUPERARON 2 CASOS, LO QUE SUMA UN TOTAL DE 24  EN LA PROVINCIA"},"content":{"rendered":"\n<p>En el d\u00eda de hoy se reportaron a Epidemiologia ocho personas con antecedente de viaje, todos correspondientes a migraci\u00f3n interna.<br>Hasta la fecha finalizaron el aislamiento sanitario preventivo mil quinientos noventa y ocho (1598) personas con antecedentes de viaje.<br>Se encuentran en seguimiento epidemiol\u00f3gico ciento cuarenta (140)<br>personas sanas que viajaron a zonas con circulaci\u00f3n de COVID-19.<br>Se recuperaron dos (2) casos por lo que al d\u00eda de la fecha se acumula un<br>total de veinticuatro (24) casos recuperados en la provincia.<br>No se confirmaron casos, continuando activos al momento diez (10) casos<br>positivos.<br>Hay tres mil trescientos setenta y seis (3376) casos descartados a la fecha.<br>Se descartaron ciento catorce (114) personas definidos como contacto<br>estrecho de un caso confirmado.<br>Recordemos continuar respetando las medidas de aislamiento, mantener<br>la distancia f\u00edsica\u00a0y lavarnos frecuentemente las manos con agua y jab\u00f3n.\u00a0<br>Si necesitamos salir usemos el barbijo\u00a0correctamente sin tocarlo\u00a0ni tocarnos la cara.<br>Todas las personas que ingresan a nuestra provincia, deben hacer obligatoriamente cuarentena de 14 d\u00edas, sin tener contacto estrecho con ninguna persona.<\/p>\n","protected":false},"excerpt":{"rendered":"<p>INFORME DEL MINISTERIO DE SALUD DE LA PROVINCIA DE SANTIAGO DEL ESTERO CORRSPONDIENTE AL D\u00cdA 11 DE JULIO DE 2020 A LAS 20 HS.<\/p>\n","protected":false},"author":2,"featured_media":7105,"comment_status":"open","ping_status":"open","sticky":false,"template":"","format":"standard","meta":{"om_disable_all_campaigns":false,"_monsterinsights_skip_tracking":false,"_monsterinsights_sitenote_active":false,"_monsterinsights_sitenote_note":"","_monsterinsights_sitenote_category":0,"_uf_show_specific_survey":0,"_uf_disable_surveys":false,"jetpack_post_was_ever_published":false,"_jetpack_newsletter_access":"","_jetpack_dont_email_post_to_subs":false,"_jetpack_newsletter_tier_id":0,"_jetpack_memberships_contains_paywalled_content":false,"_jetpack_memberships_contains_paid_content":false,"footnotes":"","jetpack_publicize_message":"","jetpack_publicize_feature_enabled":true,"jetpack_social_post_already_shared":false,"jetpack_social_options":{"image_generator_settings":{"template":"highway","default_image_id":0,"font":"","enabled":false},"version":2}},"categories":[3],"tags":[],"class_list":["post-7592","post","type-post","status-publish","format-standard","has-post-thumbnail","hentry","category-salud"],"aioseo_notices":[],"views":6,"jetpack_publicize_connections":[],"jetpack_featured_media_url":"https:\/\/i0.wp.com\/elterritorialweb.com.ar\/web\/wp-content\/uploads\/2020\/06\/AISLAMIENTO-BANDA-2.jpg?fit=960%2C467","jetpack_sharing_enabled":true,"_links":{"self":[{"href":"http:\/\/elterritorialweb.com.ar\/web\/wp-json\/wp\/v2\/posts\/7592","targetHints":{"allow":["GET"]}}],"collection":[{"href":"http:\/\/elterritorialweb.com.ar\/web\/wp-json\/wp\/v2\/posts"}],"about":[{"href":"http:\/\/elterritorialweb.com.ar\/web\/wp-json\/wp\/v2\/types\/post"}],"author":[{"embeddable":true,"href":"http:\/\/elterritorialweb.com.ar\/web\/wp-json\/wp\/v2\/users\/2"}],"replies":[{"embeddable":true,"href":"http:\/\/elterritorialweb.com.ar\/web\/wp-json\/wp\/v2\/comments?post=7592"}],"version-history":[{"count":1,"href":"http:\/\/elterritorialweb.com.ar\/web\/wp-json\/wp\/v2\/posts\/7592\/revisions"}],"predecessor-version":[{"id":7593,"href":"http:\/\/elterritorialweb.com.ar\/web\/wp-json\/wp\/v2\/posts\/7592\/revisions\/7593"}],"wp:featuredmedia":[{"embeddable":true,"href":"http:\/\/elterritorialweb.com.ar\/web\/wp-json\/wp\/v2\/media\/7105"}],"wp:attachment":[{"href":"http:\/\/elterritorialweb.com.ar\/web\/wp-json\/wp\/v2\/media?parent=7592"}],"wp:term":[{"taxonomy":"category","embeddable":true,"href":"http:\/\/elterritorialweb.com.ar\/web\/wp-json\/wp\/v2\/categories?post=7592"},{"taxonomy":"post_tag","embeddable":true,"href":"http:\/\/elterritorialweb.com.ar\/web\/wp-json\/wp\/v2\/tags?post=7592"}],"curies":[{"name":"wp","href":"https:\/\/api.w.org\/{rel}","templated":true}]}}