{"id":7594,"date":"2020-07-12T02:55:29","date_gmt":"2020-07-12T02:55:29","guid":{"rendered":"http:\/\/elterritorialweb.com.ar\/web\/?p=7594"},"modified":"2020-07-12T02:55:30","modified_gmt":"2020-07-12T02:55:30","slug":"3-449-nuevos-casos-de-covid-19-en-un-dia-con-un-total-de-97-509-infectados-en-todo-el-pais","status":"publish","type":"post","link":"http:\/\/elterritorialweb.com.ar\/web\/3-449-nuevos-casos-de-covid-19-en-un-dia-con-un-total-de-97-509-infectados-en-todo-el-pais\/","title":{"rendered":"3.449 NUEVOS CASOS DE COVID-19 EN UN D\u00cdA, CON UN TOTAL DE 97.509 INFECTADOS EN TODO EL PA\u00cdS"},"content":{"rendered":"\n<p>\n\nOtras 36 personas fallecieron y 3.449 fueron diagnosticadas de coronavirus en las \u00faltimas 24 horas, mientras que intendentes y funcionarios del conurbano bonaerense y la Ciudad.de Buenos Aires cruzaron hoy opiniones sobre c\u00f3mo deber\u00eda continuar la cuarentena en el AMBA a partir del pr\u00f3ximo viernes 17.<\/p>\n\n\n\n<p>Con los decesos anunciados oficialmente esta noche, el n\u00famero total desde el inicio de la pandemia ascendi\u00f3 a 1.810 , en tanto que la cifra de infectados trep\u00f3 a 97.509.<\/p>\n\n\n\n<p>De los casos de contagios confirmados hoy, la mayor\u00eda pertenece a la provincia de Buenos Aires (2113) y a la Ciudad de Buenos Aires (1051).<\/p>\n\n\n\n<p>En el resto del pa\u00eds, la provincia de Catamarca registr\u00f3 un caso, Chaco 56, Chubut 9, C\u00f3rdoba 30, Corrientes 2, Entre R\u00edos 31, Jujuy 59, La Rioja 5, Mendoza 14, Neuqu\u00e9n 13, R\u00edo Negro 25, Salta 21, Santa Fe 19.<\/p>\n\n\n\n<p>En tanto, intendentes del conurbano bonaerense y funcionarios del gobierno porte\u00f1o cruzaron hoy opiniones sobre c\u00f3mo deber\u00eda continuar el aislamiento social y obligatorio a partir del viernes 17, cuando culmina la fase m\u00e1s estricta en el \u00c1rea Metropolitana (AMBA), donde se ubica el principal foco de contagio de coronavirus en el pa\u00eds.<\/p>\n\n\n\n<p>Tras conocerse ayer un documento preliminar de la ciudad de Buenos Aires con un esquema de flexibilizaci\u00f3n de la cuarentena en distintas etapas a partir del 18, varios intendentes peronistas de los municipios bonaerenses que integran el AMBA advirtieron sobre posibles riesgos de que la ciudad avance por ese camino.<\/p>\n\n\n\n<p>En declaraciones a radio Mitre, el vicejefe de Gobierno porte\u00f1o, Diego Santilli, busc\u00f3 llevar tranquilidad e insisti\u00f3 en que las decisiones se toman en el marco de una \u00abestrategia conjunta\u00bb con la provincia de Buenos Aires, aunque con una \u00abt\u00e1ctica diferenciada\u00bb.<\/p>\n\n\n\n<p>Ante la posibilidad de flexibilizaci\u00f3n en la Ciudad, el Conjunto de Operaciones de Emergencia del municipio bonaerense de La Matanza public\u00f3 hoy un informe de gesti\u00f3n en el que expres\u00f3 su \u00abpreocupaci\u00f3n\u00bb y solicit\u00f3 que \u00abse tomen decisiones en forma conjunta\u00bb entre la Ciudad y la Provincia.<\/p>\n\n\n\n<p>A su vez, el intendente de Hurlingham, Juan Zabaleta, asegur\u00f3 que \u00abdebe haber una coordinaci\u00f3n entre la ciudad de Buenos Aires y la Provincia\u00bb porque \u00abel \u00c1rea Metropolitana (AMBA) es una sola\u00bb.<\/p>\n\n\n\n<p>En la misma l\u00ednea, el intendente de Esteban Echeverr\u00eda, Fernando Gray, afirm\u00f3 que \u00abla cuarentena pierde eficacia si la Ciudad y la Provincia no tienen una postura \u00fanica porque la circulaci\u00f3n entre distritos es muy intensa y eso genera mayor circulaci\u00f3n del virus\u00bb.<\/p>\n\n\n\n<p>El jefe comunal de Escobar, Ariel Sujarchuk, sostuvo que \u00abhay que hacer el mayor esfuerzo por generar un acuerdo porque la gente recibe un mensaje confuso y se desarma todo\u00bb.<\/p>\n\n\n\n<p>Tambi\u00e9n se sum\u00f3 al reclamo el intendente de Merlo, Gustavo Men\u00e9ndez, quien manifest\u00f3 que \u00abambos territorios, la Capital Federal la Provincia, est\u00e1n atados a una tremenda migraci\u00f3n diaria, por lo que ser\u00eda un error de todos -los dirigentes pol\u00edticos- si no podemos construir un consenso\u00bb.<\/p>\n","protected":false},"excerpt":{"rendered":"<p>INFORME DEL MINISTERIO DE SALUD DE LA NACI\u00d3N<\/p>\n","protected":false},"author":2,"featured_media":7595,"comment_status":"open","ping_status":"open","sticky":false,"template":"","format":"standard","meta":{"om_disable_all_campaigns":false,"_monsterinsights_skip_tracking":false,"_monsterinsights_sitenote_active":false,"_monsterinsights_sitenote_note":"","_monsterinsights_sitenote_category":0,"_uf_show_specific_survey":0,"_uf_disable_surveys":false,"jetpack_post_was_ever_published":false,"_jetpack_newsletter_access":"","_jetpack_dont_email_post_to_subs":false,"_jetpack_newsletter_tier_id":0,"_jetpack_memberships_contains_paywalled_content":false,"_jetpack_memberships_contains_paid_content":false,"footnotes":"","jetpack_publicize_message":"","jetpack_publicize_feature_enabled":true,"jetpack_social_post_already_shared":false,"jetpack_social_options":{"image_generator_settings":{"template":"highway","default_image_id":0,"font":"","enabled":false},"version":2}},"categories":[3],"tags":[],"class_list":["post-7594","post","type-post","status-publish","format-standard","has-post-thumbnail","hentry","category-salud"],"aioseo_notices":[],"views":7,"jetpack_publicize_connections":[],"jetpack_featured_media_url":"https:\/\/i0.wp.com\/elterritorialweb.com.ar\/web\/wp-content\/uploads\/2020\/07\/NUEVOS-CASOS-DE-11-DE-JULIO.jpg?fit=306%2C165","jetpack_sharing_enabled":true,"_links":{"self":[{"href":"http:\/\/elterritorialweb.com.ar\/web\/wp-json\/wp\/v2\/posts\/7594","targetHints":{"allow":["GET"]}}],"collection":[{"href":"http:\/\/elterritorialweb.com.ar\/web\/wp-json\/wp\/v2\/posts"}],"about":[{"href":"http:\/\/elterritorialweb.com.ar\/web\/wp-json\/wp\/v2\/types\/post"}],"author":[{"embeddable":true,"href":"http:\/\/elterritorialweb.com.ar\/web\/wp-json\/wp\/v2\/users\/2"}],"replies":[{"embeddable":true,"href":"http:\/\/elterritorialweb.com.ar\/web\/wp-json\/wp\/v2\/comments?post=7594"}],"version-history":[{"count":1,"href":"http:\/\/elterritorialweb.com.ar\/web\/wp-json\/wp\/v2\/posts\/7594\/revisions"}],"predecessor-version":[{"id":7596,"href":"http:\/\/elterritorialweb.com.ar\/web\/wp-json\/wp\/v2\/posts\/7594\/revisions\/7596"}],"wp:featuredmedia":[{"embeddable":true,"href":"http:\/\/elterritorialweb.com.ar\/web\/wp-json\/wp\/v2\/media\/7595"}],"wp:attachment":[{"href":"http:\/\/elterritorialweb.com.ar\/web\/wp-json\/wp\/v2\/media?parent=7594"}],"wp:term":[{"taxonomy":"category","embeddable":true,"href":"http:\/\/elterritorialweb.com.ar\/web\/wp-json\/wp\/v2\/categories?post=7594"},{"taxonomy":"post_tag","embeddable":true,"href":"http:\/\/elterritorialweb.com.ar\/web\/wp-json\/wp\/v2\/tags?post=7594"}],"curies":[{"name":"wp","href":"https:\/\/api.w.org\/{rel}","templated":true}]}}